{"id":2675,"date":"2023-12-04T12:17:05","date_gmt":"2023-12-04T11:17:05","guid":{"rendered":"https:\/\/cirugiaplasticagallega.es\/portal\/?p=2675"},"modified":"2026-04-13T18:20:41","modified_gmt":"2026-04-13T16:20:41","slug":"premio-residentes-sgcpre-2023","status":"publish","type":"post","link":"https:\/\/cirugiaplasticagallega.es\/portal\/2023\/12\/04\/premio-residentes-sgcpre-2023\/","title":{"rendered":"Premio Residentes SGCPRE 2023"},"content":{"rendered":"<img data-attachment-id=\"2715\" data-permalink=\"https:\/\/cirugiaplasticagallega.es\/portal\/2023\/12\/04\/premio-residentes-sgcpre-2023\/residente-premiada-reunion-anual-sgcpre-parador-de-costa-da-morte2\/\" data-orig-file=\"https:\/\/cirugiaplasticagallega.es\/portal\/wp-content\/uploads\/2023\/12\/Residente-Premiada-Reunion-Anual-SGCPRE-Parador-de-Costa-da-Morte2.jpg\" data-orig-size=\"1440,960\" data-comments-opened=\"0\" data-image-meta=\"{&quot;aperture&quot;:&quot;0&quot;,&quot;credit&quot;:&quot;&quot;,&quot;camera&quot;:&quot;&quot;,&quot;caption&quot;:&quot;&quot;,&quot;created_timestamp&quot;:&quot;0&quot;,&quot;copyright&quot;:&quot;&quot;,&quot;focal_length&quot;:&quot;0&quot;,&quot;iso&quot;:&quot;0&quot;,&quot;shutter_speed&quot;:&quot;0&quot;,&quot;title&quot;:&quot;&quot;,&quot;orientation&quot;:&quot;1&quot;}\" data-image-title=\"Residente Premiada Reunio\u0301n Anual SGCPRE Parador de Costa da Morte2\" data-image-description=\"\" data-image-caption=\"\" data-medium-file=\"https:\/\/cirugiaplasticagallega.es\/portal\/wp-content\/uploads\/2023\/12\/Residente-Premiada-Reunion-Anual-SGCPRE-Parador-de-Costa-da-Morte2-300x200.jpg\" data-large-file=\"https:\/\/cirugiaplasticagallega.es\/portal\/wp-content\/uploads\/2023\/12\/Residente-Premiada-Reunion-Anual-SGCPRE-Parador-de-Costa-da-Morte2-1024x683.jpg\" decoding=\"async\" loading=\"lazy\" class=\"size-large wp-image-2715 alignnone\" src=\"http:\/\/cirugiaplasticagallega.es\/portal\/wp-content\/uploads\/2023\/12\/Residente-Premiada-Reunion-Anual-SGCPRE-Parador-de-Costa-da-Morte2-1024x683.jpg\" alt=\"\" width=\"870\" height=\"580\" srcset=\"https:\/\/cirugiaplasticagallega.es\/portal\/wp-content\/uploads\/2023\/12\/Residente-Premiada-Reunion-Anual-SGCPRE-Parador-de-Costa-da-Morte2-1024x683.jpg 1024w, https:\/\/cirugiaplasticagallega.es\/portal\/wp-content\/uploads\/2023\/12\/Residente-Premiada-Reunion-Anual-SGCPRE-Parador-de-Costa-da-Morte2-300x200.jpg 300w, https:\/\/cirugiaplasticagallega.es\/portal\/wp-content\/uploads\/2023\/12\/Residente-Premiada-Reunion-Anual-SGCPRE-Parador-de-Costa-da-Morte2-768x512.jpg 768w, https:\/\/cirugiaplasticagallega.es\/portal\/wp-content\/uploads\/2023\/12\/Residente-Premiada-Reunion-Anual-SGCPRE-Parador-de-Costa-da-Morte2-272x182.jpg 272w, https:\/\/cirugiaplasticagallega.es\/portal\/wp-content\/uploads\/2023\/12\/Residente-Premiada-Reunion-Anual-SGCPRE-Parador-de-Costa-da-Morte2.jpg 1440w\" sizes=\"(max-width: 870px) 100vw, 870px\" \/>\n<p>&nbsp;<\/p>\n<p class=\"s5\"><span class=\"s2\">La <\/span><strong><span class=\"s3\">Dra.<\/span><span class=\"s3\"> Alicia Mart\u00edn <\/span><span class=\"s3\">P\u00e9rez<\/span> <\/strong><span class=\"s2\"><strong>,<\/strong> residente del Complexo Hospitalario Universitario de A Coru\u00f1a, result\u00f3 ganadora el pasado 24 de noviembre, del <\/span><span class=\"s3\">premio a la <strong>mejor ponencia en la XXXVII Reuni\u00f3n de la Sociedad Gallega de Cirug\u00eda Pl\u00e1stica, Reparadora y Est\u00e9tica<\/strong><\/span><span class=\"s2\">. <\/span><span class=\"s2\">Su trabajo titulado <\/span><strong><span class=\"s2\">\u201c<\/span><span class=\"s4\">Pr\u00f3tesis <\/span><span class=\"s4\">trapeciometacarpianas<\/span><span class=\"s4\"> en el tratamiento de la rizartrosis\u201d<\/span><\/strong><span class=\"s4\"> result\u00f3 el mejor puntuado entre los miembros del comit\u00e9 organizador y los profesores invitados. <\/span><strong><span class=\"s2\">\u00a1Enhorabuena!<\/span><\/strong><\/p>\n<p class=\"s5\"><span class=\"s2\">Los<\/span><span class=\"s2\"> trabajos de investigaci\u00f3n realizados por los residentes de Cirug\u00eda Pl\u00e1stica, Reparadora y Est\u00e9tica de los tres centros que en Galicia ofrecen formaci\u00f3n en nuestra especialidad<\/span><span class=\"s2\">, cada a\u00f1o se van superando en cuanto a inter\u00e9s y rigor cient\u00edfico. \u00a0<strong>La <\/strong><\/span><strong><span class=\"s2\">felicitaci\u00f3n<\/span><span class=\"s2\"> debe extenderse <\/span><span class=\"s2\">por tanto <\/span><span class=\"s2\">a todos los residentes que han elaborado un trabajo y <\/span><span class=\"s2\">que <\/span><span class=\"s2\">lo han presentado en nuestra Reuni\u00f3n. Es de gran m\u00e9rito.<\/span><\/strong><\/p>\n<img data-attachment-id=\"2677\" data-permalink=\"https:\/\/cirugiaplasticagallega.es\/portal\/2023\/12\/04\/premio-residentes-sgcpre-2023\/2023-11-24-xxxvii-reunion-sgcpre-muxia-201\/\" data-orig-file=\"https:\/\/cirugiaplasticagallega.es\/portal\/wp-content\/uploads\/2023\/12\/2023-11-24-XXXVII-Reunion-SGCPRE-Muxia-201.jpg\" data-orig-size=\"1024,768\" data-comments-opened=\"0\" data-image-meta=\"{&quot;aperture&quot;:&quot;0&quot;,&quot;credit&quot;:&quot;&quot;,&quot;camera&quot;:&quot;&quot;,&quot;caption&quot;:&quot;&quot;,&quot;created_timestamp&quot;:&quot;0&quot;,&quot;copyright&quot;:&quot;&quot;,&quot;focal_length&quot;:&quot;0&quot;,&quot;iso&quot;:&quot;0&quot;,&quot;shutter_speed&quot;:&quot;0&quot;,&quot;title&quot;:&quot;&quot;,&quot;orientation&quot;:&quot;0&quot;}\" data-image-title=\"2023-11-24 XXXVII Reunio\u0301n SGCPRE Muxi\u0301a (201)\" data-image-description=\"\" data-image-caption=\"\" data-medium-file=\"https:\/\/cirugiaplasticagallega.es\/portal\/wp-content\/uploads\/2023\/12\/2023-11-24-XXXVII-Reunion-SGCPRE-Muxia-201-300x225.jpg\" data-large-file=\"https:\/\/cirugiaplasticagallega.es\/portal\/wp-content\/uploads\/2023\/12\/2023-11-24-XXXVII-Reunion-SGCPRE-Muxia-201.jpg\" decoding=\"async\" loading=\"lazy\" class=\"size-full wp-image-2677 alignnone\" src=\"http:\/\/cirugiaplasticagallega.es\/portal\/wp-content\/uploads\/2023\/12\/2023-11-24-XXXVII-Reunion-SGCPRE-Muxia-201.jpg\" alt=\"\" width=\"1024\" height=\"768\" srcset=\"https:\/\/cirugiaplasticagallega.es\/portal\/wp-content\/uploads\/2023\/12\/2023-11-24-XXXVII-Reunion-SGCPRE-Muxia-201.jpg 1024w, https:\/\/cirugiaplasticagallega.es\/portal\/wp-content\/uploads\/2023\/12\/2023-11-24-XXXVII-Reunion-SGCPRE-Muxia-201-300x225.jpg 300w, https:\/\/cirugiaplasticagallega.es\/portal\/wp-content\/uploads\/2023\/12\/2023-11-24-XXXVII-Reunion-SGCPRE-Muxia-201-768x576.jpg 768w\" sizes=\"(max-width: 1024px) 100vw, 1024px\" \/>\n<p><strong><em><span class=\"s6\">En la foto de izquierda a derecha: Dr Vila Moriente, <\/span><span class=\"s6\">Dra<\/span><span class=\"s6\"> Brea, Dr Couto, Dr Fern\u00e1ndez Marcos, <\/span><span class=\"s6\">Dra<\/span><span class=\"s6\"> Mart\u00edn P\u00e9rez , Dr Gago y <\/span><span class=\"s6\">Dra<\/span><span class=\"s6\"> L\u00f3pez Suso en la entrega del premio de 1500 euros para formaci\u00f3n complementaria en la especialidad.<\/span><\/em><\/strong><\/p>\n","protected":false},"excerpt":{"rendered":"<p>&nbsp; La Dra. Alicia Mart\u00edn P\u00e9rez , residente del Complexo Hospitalario Universitario de A Coru\u00f1a, result\u00f3 ganadora el pasado 24 de noviembre, del premio a la mejor ponencia en la XXXVII Reuni\u00f3n de la Sociedad Gallega de Cirug\u00eda Pl\u00e1stica, Reparadora y Est\u00e9tica. Su trabajo titulado \u201cPr\u00f3tesis trapeciometacarpianas en el tratamiento de la rizartrosis\u201d result\u00f3 el &#8230;<\/p>\n","protected":false},"author":1,"featured_media":0,"comment_status":"closed","ping_status":"open","sticky":false,"template":"","format":"standard","meta":{"jetpack_post_was_ever_published":false,"jetpack_publicize_message":"","jetpack_is_tweetstorm":false,"jetpack_publicize_feature_enabled":true,"jetpack_social_post_already_shared":true,"jetpack_social_options":{"image_generator_settings":{"template":"highway","enabled":false}}},"categories":[1],"tags":[],"jetpack_publicize_connections":[],"jetpack_featured_media_url":"","jetpack_sharing_enabled":true,"jetpack_shortlink":"https:\/\/wp.me\/p7TP32-H9","jetpack-related-posts":[{"id":2445,"url":"https:\/\/cirugiaplasticagallega.es\/portal\/2019\/10\/28\/premio-residentes-sgcpre-2019\/","url_meta":{"origin":2675,"position":0},"title":"Premio Residentes SGCPRE 2019","date":"28 octubre, 2019","format":false,"excerpt":"Este fin de semana tuvo lugar en La Coru\u00f1a la XXXIV Reuni\u00f2n de la SGCPRE.\u00a0 Como en anteriores ediciones, un residente de nuestra especialidad se ha hecho merecedor del Premio de Residentes que otorga nuestra Sociedad a la mejor comunicaci\u00f3n presentada. Este a\u00f1o el galard\u00f2n ha reca\u00eddo de nuevo en\u2026","rel":"","context":"En \u00abSin categor\u00eda\u00bb","img":{"alt_text":"","src":"https:\/\/i0.wp.com\/cirugiaplasticagallega.es\/portal\/wp-content\/uploads\/2019\/10\/Premio-Residentes-SGCPRE-2019.jpg?resize=350%2C200&ssl=1","width":350,"height":200},"classes":[]},{"id":2603,"url":"https:\/\/cirugiaplasticagallega.es\/portal\/2022\/11\/10\/premio-residentes-sgcpre-2022\/","url_meta":{"origin":2675,"position":1},"title":"Premio Residentes SGCPRE 2022","date":"10 noviembre, 2022","format":false,"excerpt":"El pasado viernes 4 de noviembre durante la cena de gala de la XXXVI Reuni\u00f3n de la Sociedad Gallega de Cirug\u00eda Pl\u00e1stica Reparadora y Est\u00e9tica, tuvo lugar la entrega del Premio de Residentes\u00a0 a la mejor Comunicaci\u00f3n. Este a\u00f1o el premio ha reca\u00eddo en el Dr. Roi Rogel Vence, residente\u2026","rel":"","context":"En \u00abSin categor\u00eda\u00bb","img":{"alt_text":"","src":"https:\/\/i0.wp.com\/cirugiaplasticagallega.es\/portal\/wp-content\/uploads\/2022\/11\/Residente-Premiado-Reunio\u00cc\u0081n-Anual-SGCPRE-Parador-de-Baiona-1024x683.jpg?resize=350%2C200","width":350,"height":200},"classes":[]},{"id":2568,"url":"https:\/\/cirugiaplasticagallega.es\/portal\/2021\/11\/08\/premio-residentes-sgcpre-2021\/","url_meta":{"origin":2675,"position":2},"title":"Premio Residentes SGCPRE 2021","date":"8 noviembre, 2021","format":false,"excerpt":"El pasado viernes 5 de noviembre fue entregado el premio de residentes a la mejor comunicaci\u00f3n de la XXXV Reuni\u00f3n de la SGCPRE. El premio recay\u00f3 en el Dr Santiago Soldevila Guilera, residente de 4\u00ba a\u00f1o del Hospital Universitario de Santiago de Compostela. Su trabajo analiza las complicaciones y los\u2026","rel":"","context":"En \u00abSin categor\u00eda\u00bb","img":{"alt_text":"","src":"https:\/\/i0.wp.com\/cirugiaplasticagallega.es\/portal\/wp-content\/uploads\/2021\/11\/Premio-Residentes-SGCPRE-2021.jpg?resize=350%2C200&ssl=1","width":350,"height":200},"classes":[]},{"id":2694,"url":"https:\/\/cirugiaplasticagallega.es\/portal\/2024\/10\/07\/reunion-anual-sgcpre-hotel-attica21-samil-vigo-25-y-26-de-octubre\/","url_meta":{"origin":2675,"position":3},"title":"Reuni\u00f3n Anual SGCPRE \u2013 Hotel Attica21 Samil &#8211; Vigo \/ 25 y 26 de Octubre","date":"7 octubre, 2024","format":false,"excerpt":"\u00a0 \u00a0 Estimados amigos de la\u00a0SGCPRE. Este a\u00f1o nuestra\u00a0reuni\u00f3n anual\u00a0se celebrar\u00e1 en\u00a0Vigo,\u00a0los d\u00edas 25 y 26 de octubre. La reuni\u00f3n, organizada por el\u00a0Dr. Gago, nos reunir\u00e1 de nuevo a todos junto con compa\u00f1eros invitados punteros tanto en la cirug\u00eda reparadora, como en cirug\u00eda est\u00e9tica. De nuevo, se celebrar\u00e1 el\u00a0premio de\u2026","rel":"","context":"En \u00abSin categor\u00eda\u00bb","img":{"alt_text":"","src":"https:\/\/i0.wp.com\/cirugiaplasticagallega.es\/portal\/wp-content\/uploads\/2024\/10\/Reunion-Anual-SGCPRE-Hotel-Attica21-Vigo-Presentacion.jpg?resize=350%2C200&ssl=1","width":350,"height":200},"classes":[]},{"id":1946,"url":"https:\/\/cirugiaplasticagallega.es\/portal\/2016\/10\/27\/premio-residentes-sgcpre-2016\/","url_meta":{"origin":2675,"position":4},"title":"Premio Residentes SGCPRE 2016","date":"27 octubre, 2016","format":false,"excerpt":"Este a\u00f1o el premio lo ha obtenido la doctora Sara Alicia Gonz\u00e1lez-Porto, residente de 4\u00ba a\u00f1o del CHUAC, por el trabajo \"Artrodesis lunogrande frente a artrodesis cuatro esquinas en el tratamiento de la mu\u00f1eca SNAC\". \u00a1Nuestras felicitaciones!.","rel":"","context":"En \u00abSin categor\u00eda\u00bb","img":{"alt_text":"","src":"https:\/\/i0.wp.com\/cirugiaplasticagallega.es\/portal\/wp-content\/uploads\/2016\/10\/imagenpremiosgcpre.jpg?resize=350%2C200&ssl=1","width":350,"height":200},"classes":[]},{"id":2320,"url":"https:\/\/cirugiaplasticagallega.es\/portal\/2017\/10\/20\/premio-residentes-sgcpre-2017\/","url_meta":{"origin":2675,"position":5},"title":"Premio Residentes SGCPRE 2017","date":"20 octubre, 2017","format":false,"excerpt":"Nuestra enhorabuena al compa\u00f1ero Dr. Adri\u00e1n \u00c1ngel Fern\u00e1ndez Marcos por la obtenci\u00f3n del Premio de Residentes de la SGCPRE, entregado en la cena de la 32\u00ba reuni\u00f3n de la Sociedad, por el trabajo : \"Reconstrucci\u00f3n mamaria con dorsal ancho asistido por lipotransferencia inmediata\" \u00a1Felicitaciones!","rel":"","context":"En \u00abSin categor\u00eda\u00bb","img":{"alt_text":"","src":"https:\/\/i0.wp.com\/cirugiaplasticagallega.es\/portal\/wp-content\/uploads\/2018\/04\/Premio-Residentes-2017.jpg?resize=350%2C200&ssl=1","width":350,"height":200},"classes":[]}],"jetpack_likes_enabled":true,"_links":{"self":[{"href":"https:\/\/cirugiaplasticagallega.es\/portal\/wp-json\/wp\/v2\/posts\/2675"}],"collection":[{"href":"https:\/\/cirugiaplasticagallega.es\/portal\/wp-json\/wp\/v2\/posts"}],"about":[{"href":"https:\/\/cirugiaplasticagallega.es\/portal\/wp-json\/wp\/v2\/types\/post"}],"author":[{"embeddable":true,"href":"https:\/\/cirugiaplasticagallega.es\/portal\/wp-json\/wp\/v2\/users\/1"}],"replies":[{"embeddable":true,"href":"https:\/\/cirugiaplasticagallega.es\/portal\/wp-json\/wp\/v2\/comments?post=2675"}],"version-history":[{"count":4,"href":"https:\/\/cirugiaplasticagallega.es\/portal\/wp-json\/wp\/v2\/posts\/2675\/revisions"}],"predecessor-version":[{"id":2717,"href":"https:\/\/cirugiaplasticagallega.es\/portal\/wp-json\/wp\/v2\/posts\/2675\/revisions\/2717"}],"wp:attachment":[{"href":"https:\/\/cirugiaplasticagallega.es\/portal\/wp-json\/wp\/v2\/media?parent=2675"}],"wp:term":[{"taxonomy":"category","embeddable":true,"href":"https:\/\/cirugiaplasticagallega.es\/portal\/wp-json\/wp\/v2\/categories?post=2675"},{"taxonomy":"post_tag","embeddable":true,"href":"https:\/\/cirugiaplasticagallega.es\/portal\/wp-json\/wp\/v2\/tags?post=2675"}],"curies":[{"name":"wp","href":"https:\/\/api.w.org\/{rel}","templated":true}]}}