{"id":2665,"date":"2023-11-21T14:51:34","date_gmt":"2023-11-21T13:51:34","guid":{"rendered":"https:\/\/cirugiaplasticagallega.es\/portal\/?p=2665"},"modified":"2023-11-21T14:56:36","modified_gmt":"2023-11-21T13:56:36","slug":"programa-xxxvii-reunion-sociedad-gallega-de-cirugia-plastica-reparadora-y-estetica","status":"publish","type":"post","link":"https:\/\/cirugiaplasticagallega.es\/portal\/2023\/11\/21\/programa-xxxvii-reunion-sociedad-gallega-de-cirugia-plastica-reparadora-y-estetica\/","title":{"rendered":"Programa XXXVII Reunio\u0301n Sociedad Gallega de  Cirugi\u0301a Pla\u0301stica Reparadora y Este\u0301tica"},"content":{"rendered":"<h2><a href=\"http:\/\/cirugiaplasticagallega.es\/portal\/wp-content\/uploads\/2023\/11\/Programa-XXXVII-Reunion-SGCPRE-.pdf\"><span style=\"color: #003366;\">Descargar<\/span><\/a><\/h2>\n<p><strong><em><a href=\"http:\/\/cirugiaplasticagallega.es\/portal\/wp-content\/uploads\/2023\/11\/Programa-XXXVII-Reunion-SGCPRE-.pdf\">Programa XXXVII Reunio\u0301n SGCPRE<\/a><\/em><\/strong><\/p>\n<img data-attachment-id=\"2672\" data-permalink=\"https:\/\/cirugiaplasticagallega.es\/portal\/2023\/11\/21\/programa-xxxvii-reunion-sociedad-gallega-de-cirugia-plastica-reparadora-y-estetica\/portada-programa\/\" data-orig-file=\"https:\/\/cirugiaplasticagallega.es\/portal\/wp-content\/uploads\/2023\/11\/Portada-Programa-scaled.jpg\" data-orig-size=\"1810,2560\" data-comments-opened=\"0\" data-image-meta=\"{&quot;aperture&quot;:&quot;0&quot;,&quot;credit&quot;:&quot;&quot;,&quot;camera&quot;:&quot;&quot;,&quot;caption&quot;:&quot;&quot;,&quot;created_timestamp&quot;:&quot;0&quot;,&quot;copyright&quot;:&quot;&quot;,&quot;focal_length&quot;:&quot;0&quot;,&quot;iso&quot;:&quot;0&quot;,&quot;shutter_speed&quot;:&quot;0&quot;,&quot;title&quot;:&quot;&quot;,&quot;orientation&quot;:&quot;1&quot;}\" data-image-title=\"Portada Programa\" data-image-description=\"\" data-image-caption=\"\" data-medium-file=\"https:\/\/cirugiaplasticagallega.es\/portal\/wp-content\/uploads\/2023\/11\/Portada-Programa-212x300.jpg\" data-large-file=\"https:\/\/cirugiaplasticagallega.es\/portal\/wp-content\/uploads\/2023\/11\/Portada-Programa-724x1024.jpg\" decoding=\"async\" loading=\"lazy\" class=\"size-large wp-image-2672 alignleft\" src=\"http:\/\/cirugiaplasticagallega.es\/portal\/wp-content\/uploads\/2023\/11\/Portada-Programa-724x1024.jpg\" alt=\"\" width=\"724\" height=\"1024\" srcset=\"https:\/\/cirugiaplasticagallega.es\/portal\/wp-content\/uploads\/2023\/11\/Portada-Programa-724x1024.jpg 724w, https:\/\/cirugiaplasticagallega.es\/portal\/wp-content\/uploads\/2023\/11\/Portada-Programa-212x300.jpg 212w, https:\/\/cirugiaplasticagallega.es\/portal\/wp-content\/uploads\/2023\/11\/Portada-Programa-768x1086.jpg 768w, https:\/\/cirugiaplasticagallega.es\/portal\/wp-content\/uploads\/2023\/11\/Portada-Programa-1086x1536.jpg 1086w, https:\/\/cirugiaplasticagallega.es\/portal\/wp-content\/uploads\/2023\/11\/Portada-Programa-1448x2048.jpg 1448w, https:\/\/cirugiaplasticagallega.es\/portal\/wp-content\/uploads\/2023\/11\/Portada-Programa-scaled.jpg 1810w\" sizes=\"(max-width: 724px) 100vw, 724px\" \/>\n","protected":false},"excerpt":{"rendered":"<p>Descargar Programa XXXVII Reunio\u0301n SGCPRE<\/p>\n","protected":false},"author":1,"featured_media":2662,"comment_status":"closed","ping_status":"open","sticky":false,"template":"","format":"standard","meta":{"jetpack_post_was_ever_published":false,"jetpack_publicize_message":"","jetpack_is_tweetstorm":false,"jetpack_publicize_feature_enabled":true,"jetpack_social_post_already_shared":true,"jetpack_social_options":{"image_generator_settings":{"template":"highway","enabled":false}}},"categories":[1],"tags":[],"jetpack_publicize_connections":[],"jetpack_featured_media_url":"https:\/\/cirugiaplasticagallega.es\/portal\/wp-content\/uploads\/2023\/06\/exteriores-gran-angular.jpeg","jetpack_sharing_enabled":true,"jetpack_shortlink":"https:\/\/wp.me\/p7TP32-GZ","jetpack-related-posts":[{"id":2544,"url":"https:\/\/cirugiaplasticagallega.es\/portal\/2021\/11\/02\/programa-xxxv-reunion-sociedad-gallega-de-cirugia-plastica-reparadora-y-estetica\/","url_meta":{"origin":2665,"position":0},"title":"Programa XXXV Reunio\u0301n Sociedad Gallega de  Cirugi\u0301a Pla\u0301stica Reparadora y Este\u0301tica","date":"2 noviembre, 2021","format":false,"excerpt":"Descargar \u00a0 http:\/\/cirugiaplasticagallega.es\/portal\/wp-content\/uploads\/2021\/11\/Programa-Web-XXXV-Reunio\u0301n-Sociedad-Gallega-de-Cirugi\u0301a-Pla\u0301stica-Reparadora-y-Este\u0301tica.pdf","rel":"","context":"En \u00abSin categor\u00eda\u00bb","img":{"alt_text":"","src":"https:\/\/i0.wp.com\/cirugiaplasticagallega.es\/portal\/wp-content\/uploads\/2021\/11\/Captura-de-pantalla-2021-11-02-a-las-9.28.53.png?resize=350%2C200&ssl=1","width":350,"height":200},"classes":[]},{"id":2594,"url":"https:\/\/cirugiaplasticagallega.es\/portal\/2022\/11\/02\/programa-xxxvi-reunion-sociedad-gallega-de-cirugia-plastica-reparadora-y-estetica\/","url_meta":{"origin":2665,"position":1},"title":"Programa XXXVI Reunio\u0301n Sociedad Gallega de  Cirugi\u0301a Pla\u0301stica Reparadora y Este\u0301tica","date":"2 noviembre, 2022","format":false,"excerpt":"Descargar http:\/\/cirugiaplasticagallega.es\/portal\/wp-content\/uploads\/2022\/11\/Programa-XXXVI-Reunio\u0301n-Sociedad-Gallega-de-Cirugi\u0301a-Pla\u0301stica-Reparadora-y-Este\u0301tica.pdf \u00a0","rel":"","context":"En \u00abSin categor\u00eda\u00bb","img":{"alt_text":"","src":"https:\/\/i0.wp.com\/cirugiaplasticagallega.es\/portal\/wp-content\/uploads\/2022\/11\/Programa-Reunio\u0301n-Anual-SGCPRE-Parador-de-Baiona.jpg?resize=350%2C200&ssl=1","width":350,"height":200},"classes":[]},{"id":2660,"url":"https:\/\/cirugiaplasticagallega.es\/portal\/2023\/06\/06\/reunion-anual-sgcpre-parador-de-a-costa-da-morte-24-y-25-de-noviembre\/","url_meta":{"origin":2665,"position":2},"title":"Reuni\u00f3n Anual SGCPRE \u2013 Parador de A Costa da Morte \/ 24 y 25 de Noviembre","date":"6 junio, 2023","format":false,"excerpt":"Estimados colegas de la\u00a0Sociedad Gallega de Cirug\u00eda Pl\u00e1stica, Reparadora y Est\u00e9tica: Nos complace anunciaros que ya est\u00e1 en marcha la organizaci\u00f3n de la\u00a0XXXVII\u00a0Reuni\u00f3n de la SGCPRE\u00a0para los d\u00edas 24 y 25 de noviembre de 2023, en el Parador da Costa da Morte en Mux\u00eda. En breve os enviaremos informaci\u00f3n referente\u2026","rel":"","context":"En \u00abSin categor\u00eda\u00bb","img":{"alt_text":"","src":"https:\/\/i0.wp.com\/cirugiaplasticagallega.es\/portal\/wp-content\/uploads\/2023\/06\/exteriores-gran-angular.jpeg?resize=350%2C200&ssl=1","width":350,"height":200},"classes":[]},{"id":2366,"url":"https:\/\/cirugiaplasticagallega.es\/portal\/2018\/10\/10\/2366\/","url_meta":{"origin":2665,"position":3},"title":"XXXIII Reuni\u00f3n Anual SGCPRE &#8211; Vigo","date":"10 octubre, 2018","format":false,"excerpt":"La Sociedad Gallega de Cirug\u00eda Pl\u00e1stica Reparadora y Est\u00e9tica celebra su XXXIII Reuni\u00f3n Anual. Como es habitual acudir\u00e1n los cirujanos pl\u00e1sticos de toda Galicia, miembros de la Sociedad, pero tambi\u00e9n cirujanos pl\u00e1sticos de otras Comunidades Aut\u00f3nomas invitados a la Reuni\u00f3n. Este a\u00f1o se ha elegido la ciudad de Vigo como\u2026","rel":"","context":"En \u00abSin categor\u00eda\u00bb","img":{"alt_text":"","src":"https:\/\/i0.wp.com\/cirugiaplasticagallega.es\/portal\/wp-content\/uploads\/2018\/10\/Reunio\u0301n-sgcpre-vigo.jpg?resize=350%2C200&ssl=1","width":350,"height":200},"classes":[]},{"id":2675,"url":"https:\/\/cirugiaplasticagallega.es\/portal\/2023\/12\/04\/premio-residentes-sgcpre-2023\/","url_meta":{"origin":2665,"position":4},"title":"Premio Residentes SGCPRE 2023","date":"4 diciembre, 2023","format":false,"excerpt":"\u00a0 La Dra. Alicia Mart\u00edn P\u00e9rez , residente del Complexo Hospitalario Universitario de A Coru\u00f1a, result\u00f3 ganadora el pasado 24 de noviembre, del premio a la mejor ponencia en la XXXVII Reuni\u00f3n de la Sociedad Gallega de Cirug\u00eda Pl\u00e1stica, Reparadora y Est\u00e9tica. Su trabajo titulado \u201cPr\u00f3tesis trapeciometacarpianas en el tratamiento\u2026","rel":"","context":"En \u00abSin categor\u00eda\u00bb","img":{"alt_text":"","src":"https:\/\/i0.wp.com\/cirugiaplasticagallega.es\/portal\/wp-content\/uploads\/2023\/12\/Residente-Premiada-Reunion-Anual-SGCPRE-Parador-de-Costa-da-Morte2-1024x683.jpg?resize=350%2C200","width":350,"height":200},"classes":[]},{"id":2694,"url":"https:\/\/cirugiaplasticagallega.es\/portal\/2024\/10\/07\/reunion-anual-sgcpre-hotel-attica21-samil-vigo-25-y-26-de-octubre\/","url_meta":{"origin":2665,"position":5},"title":"Reuni\u00f3n Anual SGCPRE \u2013 Hotel Attica21 Samil &#8211; Vigo \/ 25 y 26 de Octubre","date":"7 octubre, 2024","format":false,"excerpt":"\u00a0 \u00a0 Estimados amigos de la\u00a0SGCPRE. Este a\u00f1o nuestra\u00a0reuni\u00f3n anual\u00a0se celebrar\u00e1 en\u00a0Vigo,\u00a0los d\u00edas 25 y 26 de octubre. La reuni\u00f3n, organizada por el\u00a0Dr. Gago, nos reunir\u00e1 de nuevo a todos junto con compa\u00f1eros invitados punteros tanto en la cirug\u00eda reparadora, como en cirug\u00eda est\u00e9tica. De nuevo, se celebrar\u00e1 el\u00a0premio de\u2026","rel":"","context":"En \u00abSin categor\u00eda\u00bb","img":{"alt_text":"","src":"https:\/\/i0.wp.com\/cirugiaplasticagallega.es\/portal\/wp-content\/uploads\/2024\/10\/Reunion-Anual-SGCPRE-Hotel-Attica21-Vigo-Presentacion.jpg?resize=350%2C200&ssl=1","width":350,"height":200},"classes":[]}],"jetpack_likes_enabled":true,"_links":{"self":[{"href":"https:\/\/cirugiaplasticagallega.es\/portal\/wp-json\/wp\/v2\/posts\/2665"}],"collection":[{"href":"https:\/\/cirugiaplasticagallega.es\/portal\/wp-json\/wp\/v2\/posts"}],"about":[{"href":"https:\/\/cirugiaplasticagallega.es\/portal\/wp-json\/wp\/v2\/types\/post"}],"author":[{"embeddable":true,"href":"https:\/\/cirugiaplasticagallega.es\/portal\/wp-json\/wp\/v2\/users\/1"}],"replies":[{"embeddable":true,"href":"https:\/\/cirugiaplasticagallega.es\/portal\/wp-json\/wp\/v2\/comments?post=2665"}],"version-history":[{"count":5,"href":"https:\/\/cirugiaplasticagallega.es\/portal\/wp-json\/wp\/v2\/posts\/2665\/revisions"}],"predecessor-version":[{"id":2669,"href":"https:\/\/cirugiaplasticagallega.es\/portal\/wp-json\/wp\/v2\/posts\/2665\/revisions\/2669"}],"wp:featuredmedia":[{"embeddable":true,"href":"https:\/\/cirugiaplasticagallega.es\/portal\/wp-json\/wp\/v2\/media\/2662"}],"wp:attachment":[{"href":"https:\/\/cirugiaplasticagallega.es\/portal\/wp-json\/wp\/v2\/media?parent=2665"}],"wp:term":[{"taxonomy":"category","embeddable":true,"href":"https:\/\/cirugiaplasticagallega.es\/portal\/wp-json\/wp\/v2\/categories?post=2665"},{"taxonomy":"post_tag","embeddable":true,"href":"https:\/\/cirugiaplasticagallega.es\/portal\/wp-json\/wp\/v2\/tags?post=2665"}],"curies":[{"name":"wp","href":"https:\/\/api.w.org\/{rel}","templated":true}]}}