{"id":2638,"date":"2023-03-30T19:49:55","date_gmt":"2023-03-30T17:49:55","guid":{"rendered":"https:\/\/cirugiaplasticagallega.es\/portal\/?p=2638"},"modified":"2023-03-30T19:51:28","modified_gmt":"2023-03-30T17:51:28","slug":"jornada-monografica-de-lipedema-2023","status":"publish","type":"post","link":"https:\/\/cirugiaplasticagallega.es\/portal\/2023\/03\/30\/jornada-monografica-de-lipedema-2023\/","title":{"rendered":"Jornada Monogra\u0301fica de Lipedema 2023"},"content":{"rendered":"<img data-attachment-id=\"2647\" data-permalink=\"https:\/\/cirugiaplasticagallega.es\/portal\/2023\/03\/30\/jornada-monografica-de-lipedema-2023\/jornada-monografica-de-lipedema2\/\" data-orig-file=\"https:\/\/cirugiaplasticagallega.es\/portal\/wp-content\/uploads\/2023\/03\/Jornada-Monografica-de-Lipedema2-scaled.jpg\" data-orig-size=\"1810,2560\" data-comments-opened=\"0\" data-image-meta=\"{&quot;aperture&quot;:&quot;0&quot;,&quot;credit&quot;:&quot;&quot;,&quot;camera&quot;:&quot;&quot;,&quot;caption&quot;:&quot;&quot;,&quot;created_timestamp&quot;:&quot;0&quot;,&quot;copyright&quot;:&quot;&quot;,&quot;focal_length&quot;:&quot;0&quot;,&quot;iso&quot;:&quot;0&quot;,&quot;shutter_speed&quot;:&quot;0&quot;,&quot;title&quot;:&quot;&quot;,&quot;orientation&quot;:&quot;1&quot;}\" data-image-title=\"Jornada Monogra\u0301fica de Lipedema2\" data-image-description=\"\" data-image-caption=\"\" data-medium-file=\"https:\/\/cirugiaplasticagallega.es\/portal\/wp-content\/uploads\/2023\/03\/Jornada-Monografica-de-Lipedema2-212x300.jpg\" data-large-file=\"https:\/\/cirugiaplasticagallega.es\/portal\/wp-content\/uploads\/2023\/03\/Jornada-Monografica-de-Lipedema2-724x1024.jpg\" decoding=\"async\" loading=\"lazy\" class=\"aligncenter size-large wp-image-2647\" src=\"http:\/\/cirugiaplasticagallega.es\/portal\/wp-content\/uploads\/2023\/03\/Jornada-Monografica-de-Lipedema2-724x1024.jpg\" alt=\"\" width=\"724\" height=\"1024\" srcset=\"https:\/\/cirugiaplasticagallega.es\/portal\/wp-content\/uploads\/2023\/03\/Jornada-Monografica-de-Lipedema2-724x1024.jpg 724w, https:\/\/cirugiaplasticagallega.es\/portal\/wp-content\/uploads\/2023\/03\/Jornada-Monografica-de-Lipedema2-212x300.jpg 212w, https:\/\/cirugiaplasticagallega.es\/portal\/wp-content\/uploads\/2023\/03\/Jornada-Monografica-de-Lipedema2-768x1086.jpg 768w, https:\/\/cirugiaplasticagallega.es\/portal\/wp-content\/uploads\/2023\/03\/Jornada-Monografica-de-Lipedema2-1086x1536.jpg 1086w, https:\/\/cirugiaplasticagallega.es\/portal\/wp-content\/uploads\/2023\/03\/Jornada-Monografica-de-Lipedema2-1448x2048.jpg 1448w, https:\/\/cirugiaplasticagallega.es\/portal\/wp-content\/uploads\/2023\/03\/Jornada-Monografica-de-Lipedema2-scaled.jpg 1810w\" sizes=\"(max-width: 724px) 100vw, 724px\" \/>\n<p>\u00c9xito de la <strong>Jornada Monogr\u00e1fica de Lipedema<\/strong> celebrada el 25 de Marzo de 2023 en el Hospital Cl\u00ednico Universitario de Santiago de Compostela con gran asistencia de nuestros socios. Los cuatro ponentes consiguieron resumir y actualizar todos los conocimientos sobre esta patolog\u00eda.<\/p>\n<img data-attachment-id=\"2639\" data-permalink=\"https:\/\/cirugiaplasticagallega.es\/portal\/2023\/03\/30\/jornada-monografica-de-lipedema-2023\/processed-with-vsco-with-a4-preset\/\" data-orig-file=\"https:\/\/cirugiaplasticagallega.es\/portal\/wp-content\/uploads\/2023\/03\/IMG-20230329-WA0002.jpg\" data-orig-size=\"1600,900\" data-comments-opened=\"0\" data-image-meta=\"{&quot;aperture&quot;:&quot;0&quot;,&quot;credit&quot;:&quot;&quot;,&quot;camera&quot;:&quot;&quot;,&quot;caption&quot;:&quot;Processed with VSCO with a4 preset&quot;,&quot;created_timestamp&quot;:&quot;0&quot;,&quot;copyright&quot;:&quot;Copyright 2023. Todos los derechos reservados.&quot;,&quot;focal_length&quot;:&quot;0&quot;,&quot;iso&quot;:&quot;0&quot;,&quot;shutter_speed&quot;:&quot;0&quot;,&quot;title&quot;:&quot;Processed with VSCO with a4 preset&quot;,&quot;orientation&quot;:&quot;1&quot;}\" data-image-title=\"Processed with VSCO with a4 preset\" data-image-description=\"\" data-image-caption=\"&lt;p&gt;Processed with VSCO with a4 preset&lt;\/p&gt;\n\" data-medium-file=\"https:\/\/cirugiaplasticagallega.es\/portal\/wp-content\/uploads\/2023\/03\/IMG-20230329-WA0002-300x169.jpg\" data-large-file=\"https:\/\/cirugiaplasticagallega.es\/portal\/wp-content\/uploads\/2023\/03\/IMG-20230329-WA0002-1024x576.jpg\" decoding=\"async\" loading=\"lazy\" class=\"size-large wp-image-2639\" src=\"http:\/\/cirugiaplasticagallega.es\/portal\/wp-content\/uploads\/2023\/03\/IMG-20230329-WA0002-1024x576.jpg\" alt=\"\" width=\"870\" height=\"489\" srcset=\"https:\/\/cirugiaplasticagallega.es\/portal\/wp-content\/uploads\/2023\/03\/IMG-20230329-WA0002-1024x576.jpg 1024w, https:\/\/cirugiaplasticagallega.es\/portal\/wp-content\/uploads\/2023\/03\/IMG-20230329-WA0002-300x169.jpg 300w, https:\/\/cirugiaplasticagallega.es\/portal\/wp-content\/uploads\/2023\/03\/IMG-20230329-WA0002-768x432.jpg 768w, https:\/\/cirugiaplasticagallega.es\/portal\/wp-content\/uploads\/2023\/03\/IMG-20230329-WA0002-1536x864.jpg 1536w, https:\/\/cirugiaplasticagallega.es\/portal\/wp-content\/uploads\/2023\/03\/IMG-20230329-WA0002.jpg 1600w\" sizes=\"(max-width: 870px) 100vw, 870px\" \/>\n<h5><em>Ponencia \u00abEl diagn\u00f3stico del lipedema y su importancia\u00bb &#8211; Dra. Rosario Pinal\u00a0<\/em><\/h5>\n<img data-attachment-id=\"2640\" data-permalink=\"https:\/\/cirugiaplasticagallega.es\/portal\/2023\/03\/30\/jornada-monografica-de-lipedema-2023\/processed-with-vsco-with-a4-preset-2\/\" data-orig-file=\"https:\/\/cirugiaplasticagallega.es\/portal\/wp-content\/uploads\/2023\/03\/IMG-20230329-WA0003.jpg\" data-orig-size=\"1600,900\" data-comments-opened=\"0\" data-image-meta=\"{&quot;aperture&quot;:&quot;0&quot;,&quot;credit&quot;:&quot;&quot;,&quot;camera&quot;:&quot;&quot;,&quot;caption&quot;:&quot;Processed with VSCO with a4 preset&quot;,&quot;created_timestamp&quot;:&quot;0&quot;,&quot;copyright&quot;:&quot;Copyright 2023. Todos los derechos reservados.&quot;,&quot;focal_length&quot;:&quot;0&quot;,&quot;iso&quot;:&quot;0&quot;,&quot;shutter_speed&quot;:&quot;0&quot;,&quot;title&quot;:&quot;Processed with VSCO with a4 preset&quot;,&quot;orientation&quot;:&quot;1&quot;}\" data-image-title=\"Processed with VSCO with a4 preset\" data-image-description=\"\" data-image-caption=\"&lt;p&gt;Processed with VSCO with a4 preset&lt;\/p&gt;\n\" data-medium-file=\"https:\/\/cirugiaplasticagallega.es\/portal\/wp-content\/uploads\/2023\/03\/IMG-20230329-WA0003-300x169.jpg\" data-large-file=\"https:\/\/cirugiaplasticagallega.es\/portal\/wp-content\/uploads\/2023\/03\/IMG-20230329-WA0003-1024x576.jpg\" decoding=\"async\" loading=\"lazy\" class=\"size-large wp-image-2640\" src=\"http:\/\/cirugiaplasticagallega.es\/portal\/wp-content\/uploads\/2023\/03\/IMG-20230329-WA0003-1024x576.jpg\" alt=\"\" width=\"870\" height=\"489\" srcset=\"https:\/\/cirugiaplasticagallega.es\/portal\/wp-content\/uploads\/2023\/03\/IMG-20230329-WA0003-1024x576.jpg 1024w, https:\/\/cirugiaplasticagallega.es\/portal\/wp-content\/uploads\/2023\/03\/IMG-20230329-WA0003-300x169.jpg 300w, https:\/\/cirugiaplasticagallega.es\/portal\/wp-content\/uploads\/2023\/03\/IMG-20230329-WA0003-768x432.jpg 768w, https:\/\/cirugiaplasticagallega.es\/portal\/wp-content\/uploads\/2023\/03\/IMG-20230329-WA0003-1536x864.jpg 1536w, https:\/\/cirugiaplasticagallega.es\/portal\/wp-content\/uploads\/2023\/03\/IMG-20230329-WA0003.jpg 1600w\" sizes=\"(max-width: 870px) 100vw, 870px\" \/>\n<h5><em>Ponencia \u00abLipedema: generalidades y tratamiento\u00bb &#8211; Dr. Alexo Carballeira\u00a0<\/em><\/h5>\n<img data-attachment-id=\"2641\" data-permalink=\"https:\/\/cirugiaplasticagallega.es\/portal\/2023\/03\/30\/jornada-monografica-de-lipedema-2023\/processed-with-vsco-with-a4-preset-3\/\" data-orig-file=\"https:\/\/cirugiaplasticagallega.es\/portal\/wp-content\/uploads\/2023\/03\/IMG-20230329-WA0005.jpg\" data-orig-size=\"1600,900\" data-comments-opened=\"0\" data-image-meta=\"{&quot;aperture&quot;:&quot;0&quot;,&quot;credit&quot;:&quot;&quot;,&quot;camera&quot;:&quot;&quot;,&quot;caption&quot;:&quot;Processed with VSCO with a4 preset&quot;,&quot;created_timestamp&quot;:&quot;0&quot;,&quot;copyright&quot;:&quot;Copyright 2023. Todos los derechos reservados.&quot;,&quot;focal_length&quot;:&quot;0&quot;,&quot;iso&quot;:&quot;0&quot;,&quot;shutter_speed&quot;:&quot;0&quot;,&quot;title&quot;:&quot;Processed with VSCO with a4 preset&quot;,&quot;orientation&quot;:&quot;1&quot;}\" data-image-title=\"Processed with VSCO with a4 preset\" data-image-description=\"\" data-image-caption=\"&lt;p&gt;Processed with VSCO with a4 preset&lt;\/p&gt;\n\" data-medium-file=\"https:\/\/cirugiaplasticagallega.es\/portal\/wp-content\/uploads\/2023\/03\/IMG-20230329-WA0005-300x169.jpg\" data-large-file=\"https:\/\/cirugiaplasticagallega.es\/portal\/wp-content\/uploads\/2023\/03\/IMG-20230329-WA0005-1024x576.jpg\" decoding=\"async\" loading=\"lazy\" class=\"size-large wp-image-2641\" src=\"http:\/\/cirugiaplasticagallega.es\/portal\/wp-content\/uploads\/2023\/03\/IMG-20230329-WA0005-1024x576.jpg\" alt=\"\" width=\"870\" height=\"489\" srcset=\"https:\/\/cirugiaplasticagallega.es\/portal\/wp-content\/uploads\/2023\/03\/IMG-20230329-WA0005-1024x576.jpg 1024w, https:\/\/cirugiaplasticagallega.es\/portal\/wp-content\/uploads\/2023\/03\/IMG-20230329-WA0005-300x169.jpg 300w, https:\/\/cirugiaplasticagallega.es\/portal\/wp-content\/uploads\/2023\/03\/IMG-20230329-WA0005-768x432.jpg 768w, https:\/\/cirugiaplasticagallega.es\/portal\/wp-content\/uploads\/2023\/03\/IMG-20230329-WA0005-1536x864.jpg 1536w, https:\/\/cirugiaplasticagallega.es\/portal\/wp-content\/uploads\/2023\/03\/IMG-20230329-WA0005.jpg 1600w\" sizes=\"(max-width: 870px) 100vw, 870px\" \/>\n<h5><em>Ponencia \u00abSeguridad y est\u00e9tica en el lipedema\u00bb &#8211; Dra. Anna Torres<\/em><\/h5>\n<img data-attachment-id=\"2643\" data-permalink=\"https:\/\/cirugiaplasticagallega.es\/portal\/2023\/03\/30\/jornada-monografica-de-lipedema-2023\/processed-with-vsco-with-a4-preset-5\/\" data-orig-file=\"https:\/\/cirugiaplasticagallega.es\/portal\/wp-content\/uploads\/2023\/03\/IMG-20230329-WA0008.jpg\" data-orig-size=\"1536,864\" data-comments-opened=\"0\" data-image-meta=\"{&quot;aperture&quot;:&quot;0&quot;,&quot;credit&quot;:&quot;&quot;,&quot;camera&quot;:&quot;&quot;,&quot;caption&quot;:&quot;Processed with VSCO with a4 preset&quot;,&quot;created_timestamp&quot;:&quot;0&quot;,&quot;copyright&quot;:&quot;Copyright 2023. Todos los derechos reservados.&quot;,&quot;focal_length&quot;:&quot;0&quot;,&quot;iso&quot;:&quot;0&quot;,&quot;shutter_speed&quot;:&quot;0&quot;,&quot;title&quot;:&quot;Processed with VSCO with a4 preset&quot;,&quot;orientation&quot;:&quot;1&quot;}\" data-image-title=\"Processed with VSCO with a4 preset\" data-image-description=\"\" data-image-caption=\"&lt;p&gt;Processed with VSCO with a4 preset&lt;\/p&gt;\n\" data-medium-file=\"https:\/\/cirugiaplasticagallega.es\/portal\/wp-content\/uploads\/2023\/03\/IMG-20230329-WA0008-300x169.jpg\" data-large-file=\"https:\/\/cirugiaplasticagallega.es\/portal\/wp-content\/uploads\/2023\/03\/IMG-20230329-WA0008-1024x576.jpg\" decoding=\"async\" loading=\"lazy\" class=\"size-large wp-image-2643\" src=\"http:\/\/cirugiaplasticagallega.es\/portal\/wp-content\/uploads\/2023\/03\/IMG-20230329-WA0008-1024x576.jpg\" alt=\"\" width=\"870\" height=\"489\" srcset=\"https:\/\/cirugiaplasticagallega.es\/portal\/wp-content\/uploads\/2023\/03\/IMG-20230329-WA0008-1024x576.jpg 1024w, https:\/\/cirugiaplasticagallega.es\/portal\/wp-content\/uploads\/2023\/03\/IMG-20230329-WA0008-300x169.jpg 300w, https:\/\/cirugiaplasticagallega.es\/portal\/wp-content\/uploads\/2023\/03\/IMG-20230329-WA0008-768x432.jpg 768w, https:\/\/cirugiaplasticagallega.es\/portal\/wp-content\/uploads\/2023\/03\/IMG-20230329-WA0008.jpg 1536w\" sizes=\"(max-width: 870px) 100vw, 870px\" \/>\n<h5><em>Ponencia \u00abEst\u00e1ndar de atenci\u00f3n para el lipedema: documento de consenso\u00bb &#8211; Dra. Margarita Novoa<\/em><\/h5>\n<img data-attachment-id=\"2642\" data-permalink=\"https:\/\/cirugiaplasticagallega.es\/portal\/2023\/03\/30\/jornada-monografica-de-lipedema-2023\/processed-with-vsco-with-a4-preset-4\/\" data-orig-file=\"https:\/\/cirugiaplasticagallega.es\/portal\/wp-content\/uploads\/2023\/03\/IMG-20230329-WA0006.jpg\" data-orig-size=\"1600,900\" data-comments-opened=\"0\" data-image-meta=\"{&quot;aperture&quot;:&quot;0&quot;,&quot;credit&quot;:&quot;&quot;,&quot;camera&quot;:&quot;&quot;,&quot;caption&quot;:&quot;Processed with VSCO with a4 preset&quot;,&quot;created_timestamp&quot;:&quot;0&quot;,&quot;copyright&quot;:&quot;Copyright 2023. Todos los derechos reservados.&quot;,&quot;focal_length&quot;:&quot;0&quot;,&quot;iso&quot;:&quot;0&quot;,&quot;shutter_speed&quot;:&quot;0&quot;,&quot;title&quot;:&quot;Processed with VSCO with a4 preset&quot;,&quot;orientation&quot;:&quot;1&quot;}\" data-image-title=\"Processed with VSCO with a4 preset\" data-image-description=\"\" data-image-caption=\"&lt;p&gt;Processed with VSCO with a4 preset&lt;\/p&gt;\n\" data-medium-file=\"https:\/\/cirugiaplasticagallega.es\/portal\/wp-content\/uploads\/2023\/03\/IMG-20230329-WA0006-300x169.jpg\" data-large-file=\"https:\/\/cirugiaplasticagallega.es\/portal\/wp-content\/uploads\/2023\/03\/IMG-20230329-WA0006-1024x576.jpg\" decoding=\"async\" loading=\"lazy\" class=\"size-large wp-image-2642\" src=\"http:\/\/cirugiaplasticagallega.es\/portal\/wp-content\/uploads\/2023\/03\/IMG-20230329-WA0006-1024x576.jpg\" alt=\"\" width=\"870\" height=\"489\" srcset=\"https:\/\/cirugiaplasticagallega.es\/portal\/wp-content\/uploads\/2023\/03\/IMG-20230329-WA0006-1024x576.jpg 1024w, https:\/\/cirugiaplasticagallega.es\/portal\/wp-content\/uploads\/2023\/03\/IMG-20230329-WA0006-300x169.jpg 300w, https:\/\/cirugiaplasticagallega.es\/portal\/wp-content\/uploads\/2023\/03\/IMG-20230329-WA0006-768x432.jpg 768w, https:\/\/cirugiaplasticagallega.es\/portal\/wp-content\/uploads\/2023\/03\/IMG-20230329-WA0006-1536x864.jpg 1536w, https:\/\/cirugiaplasticagallega.es\/portal\/wp-content\/uploads\/2023\/03\/IMG-20230329-WA0006.jpg 1600w\" sizes=\"(max-width: 870px) 100vw, 870px\" \/>\n<p>.<\/p>\n<img data-attachment-id=\"2644\" data-permalink=\"https:\/\/cirugiaplasticagallega.es\/portal\/2023\/03\/30\/jornada-monografica-de-lipedema-2023\/processed-with-vsco-with-a4-preset-6\/\" data-orig-file=\"https:\/\/cirugiaplasticagallega.es\/portal\/wp-content\/uploads\/2023\/03\/IMG-20230329-WA0012.jpg\" data-orig-size=\"1600,900\" data-comments-opened=\"0\" data-image-meta=\"{&quot;aperture&quot;:&quot;0&quot;,&quot;credit&quot;:&quot;&quot;,&quot;camera&quot;:&quot;&quot;,&quot;caption&quot;:&quot;Processed with VSCO with a4 preset&quot;,&quot;created_timestamp&quot;:&quot;0&quot;,&quot;copyright&quot;:&quot;Copyright 2023. Todos los derechos reservados.&quot;,&quot;focal_length&quot;:&quot;0&quot;,&quot;iso&quot;:&quot;0&quot;,&quot;shutter_speed&quot;:&quot;0&quot;,&quot;title&quot;:&quot;Processed with VSCO with a4 preset&quot;,&quot;orientation&quot;:&quot;1&quot;}\" data-image-title=\"Processed with VSCO with a4 preset\" data-image-description=\"\" data-image-caption=\"&lt;p&gt;Processed with VSCO with a4 preset&lt;\/p&gt;\n\" data-medium-file=\"https:\/\/cirugiaplasticagallega.es\/portal\/wp-content\/uploads\/2023\/03\/IMG-20230329-WA0012-300x169.jpg\" data-large-file=\"https:\/\/cirugiaplasticagallega.es\/portal\/wp-content\/uploads\/2023\/03\/IMG-20230329-WA0012-1024x576.jpg\" decoding=\"async\" loading=\"lazy\" class=\"size-large wp-image-2644\" src=\"http:\/\/cirugiaplasticagallega.es\/portal\/wp-content\/uploads\/2023\/03\/IMG-20230329-WA0012-1024x576.jpg\" alt=\"\" width=\"870\" height=\"489\" srcset=\"https:\/\/cirugiaplasticagallega.es\/portal\/wp-content\/uploads\/2023\/03\/IMG-20230329-WA0012-1024x576.jpg 1024w, https:\/\/cirugiaplasticagallega.es\/portal\/wp-content\/uploads\/2023\/03\/IMG-20230329-WA0012-300x169.jpg 300w, https:\/\/cirugiaplasticagallega.es\/portal\/wp-content\/uploads\/2023\/03\/IMG-20230329-WA0012-768x432.jpg 768w, https:\/\/cirugiaplasticagallega.es\/portal\/wp-content\/uploads\/2023\/03\/IMG-20230329-WA0012-1536x864.jpg 1536w, https:\/\/cirugiaplasticagallega.es\/portal\/wp-content\/uploads\/2023\/03\/IMG-20230329-WA0012.jpg 1600w\" sizes=\"(max-width: 870px) 100vw, 870px\" \/>\n<p>.<\/p>\n<img data-attachment-id=\"2645\" data-permalink=\"https:\/\/cirugiaplasticagallega.es\/portal\/2023\/03\/30\/jornada-monografica-de-lipedema-2023\/processed-with-vsco-with-a4-preset-7\/\" data-orig-file=\"https:\/\/cirugiaplasticagallega.es\/portal\/wp-content\/uploads\/2023\/03\/IMG-20230329-WA0018.jpg\" data-orig-size=\"1600,900\" data-comments-opened=\"0\" data-image-meta=\"{&quot;aperture&quot;:&quot;0&quot;,&quot;credit&quot;:&quot;&quot;,&quot;camera&quot;:&quot;&quot;,&quot;caption&quot;:&quot;Processed with VSCO with a4 preset&quot;,&quot;created_timestamp&quot;:&quot;0&quot;,&quot;copyright&quot;:&quot;Copyright 2023. Todos los derechos reservados.&quot;,&quot;focal_length&quot;:&quot;0&quot;,&quot;iso&quot;:&quot;0&quot;,&quot;shutter_speed&quot;:&quot;0&quot;,&quot;title&quot;:&quot;Processed with VSCO with a4 preset&quot;,&quot;orientation&quot;:&quot;1&quot;}\" data-image-title=\"Processed with VSCO with a4 preset\" data-image-description=\"\" data-image-caption=\"&lt;p&gt;Processed with VSCO with a4 preset&lt;\/p&gt;\n\" data-medium-file=\"https:\/\/cirugiaplasticagallega.es\/portal\/wp-content\/uploads\/2023\/03\/IMG-20230329-WA0018-300x169.jpg\" data-large-file=\"https:\/\/cirugiaplasticagallega.es\/portal\/wp-content\/uploads\/2023\/03\/IMG-20230329-WA0018-1024x576.jpg\" decoding=\"async\" loading=\"lazy\" class=\"size-large wp-image-2645\" src=\"http:\/\/cirugiaplasticagallega.es\/portal\/wp-content\/uploads\/2023\/03\/IMG-20230329-WA0018-1024x576.jpg\" alt=\"\" width=\"870\" height=\"489\" srcset=\"https:\/\/cirugiaplasticagallega.es\/portal\/wp-content\/uploads\/2023\/03\/IMG-20230329-WA0018-1024x576.jpg 1024w, https:\/\/cirugiaplasticagallega.es\/portal\/wp-content\/uploads\/2023\/03\/IMG-20230329-WA0018-300x169.jpg 300w, https:\/\/cirugiaplasticagallega.es\/portal\/wp-content\/uploads\/2023\/03\/IMG-20230329-WA0018-768x432.jpg 768w, https:\/\/cirugiaplasticagallega.es\/portal\/wp-content\/uploads\/2023\/03\/IMG-20230329-WA0018-1536x864.jpg 1536w, https:\/\/cirugiaplasticagallega.es\/portal\/wp-content\/uploads\/2023\/03\/IMG-20230329-WA0018.jpg 1600w\" sizes=\"(max-width: 870px) 100vw, 870px\" \/>\n<p>.<\/p>\n<img data-attachment-id=\"2646\" data-permalink=\"https:\/\/cirugiaplasticagallega.es\/portal\/2023\/03\/30\/jornada-monografica-de-lipedema-2023\/remasterdirector_v0\/\" data-orig-file=\"https:\/\/cirugiaplasticagallega.es\/portal\/wp-content\/uploads\/2023\/03\/IMG-20230329-WA0021.jpg\" data-orig-size=\"1600,900\" data-comments-opened=\"0\" data-image-meta=\"{&quot;aperture&quot;:&quot;0&quot;,&quot;credit&quot;:&quot;&quot;,&quot;camera&quot;:&quot;&quot;,&quot;caption&quot;:&quot;_empty&quot;,&quot;created_timestamp&quot;:&quot;0&quot;,&quot;copyright&quot;:&quot;Copyright 2023. Todos los derechos reservados.&quot;,&quot;focal_length&quot;:&quot;0&quot;,&quot;iso&quot;:&quot;0&quot;,&quot;shutter_speed&quot;:&quot;0&quot;,&quot;title&quot;:&quot;RemasterDirector_V0&quot;,&quot;orientation&quot;:&quot;1&quot;}\" data-image-title=\"RemasterDirector_V0\" data-image-description=\"\" data-image-caption=\"&lt;p&gt;_empty&lt;\/p&gt;\n\" data-medium-file=\"https:\/\/cirugiaplasticagallega.es\/portal\/wp-content\/uploads\/2023\/03\/IMG-20230329-WA0021-300x169.jpg\" data-large-file=\"https:\/\/cirugiaplasticagallega.es\/portal\/wp-content\/uploads\/2023\/03\/IMG-20230329-WA0021-1024x576.jpg\" decoding=\"async\" loading=\"lazy\" class=\"size-large wp-image-2646\" src=\"http:\/\/cirugiaplasticagallega.es\/portal\/wp-content\/uploads\/2023\/03\/IMG-20230329-WA0021-1024x576.jpg\" alt=\"\" width=\"870\" height=\"489\" srcset=\"https:\/\/cirugiaplasticagallega.es\/portal\/wp-content\/uploads\/2023\/03\/IMG-20230329-WA0021-1024x576.jpg 1024w, https:\/\/cirugiaplasticagallega.es\/portal\/wp-content\/uploads\/2023\/03\/IMG-20230329-WA0021-300x169.jpg 300w, https:\/\/cirugiaplasticagallega.es\/portal\/wp-content\/uploads\/2023\/03\/IMG-20230329-WA0021-768x432.jpg 768w, https:\/\/cirugiaplasticagallega.es\/portal\/wp-content\/uploads\/2023\/03\/IMG-20230329-WA0021-1536x864.jpg 1536w, https:\/\/cirugiaplasticagallega.es\/portal\/wp-content\/uploads\/2023\/03\/IMG-20230329-WA0021.jpg 1600w\" sizes=\"(max-width: 870px) 100vw, 870px\" \/>\n<p>&nbsp;<\/p>\n<p>&nbsp;<\/p>\n<p>&nbsp;<\/p>\n<p>&nbsp;<\/p>\n","protected":false},"excerpt":{"rendered":"<p>\u00c9xito de la Jornada Monogr\u00e1fica de Lipedema celebrada el 25 de Marzo de 2023 en el Hospital Cl\u00ednico Universitario de Santiago de Compostela con gran asistencia de nuestros socios. Los cuatro ponentes consiguieron resumir y actualizar todos los conocimientos sobre esta patolog\u00eda. Ponencia \u00abEl diagn\u00f3stico del lipedema y su importancia\u00bb &#8211; Dra. Rosario Pinal\u00a0 Ponencia &#8230;<\/p>\n","protected":false},"author":1,"featured_media":2646,"comment_status":"closed","ping_status":"open","sticky":false,"template":"","format":"standard","meta":{"jetpack_post_was_ever_published":false,"jetpack_publicize_message":"","jetpack_is_tweetstorm":false,"jetpack_publicize_feature_enabled":true,"jetpack_social_post_already_shared":true,"jetpack_social_options":{"image_generator_settings":{"template":"highway","enabled":false}}},"categories":[1],"tags":[],"jetpack_publicize_connections":[],"jetpack_featured_media_url":"https:\/\/cirugiaplasticagallega.es\/portal\/wp-content\/uploads\/2023\/03\/IMG-20230329-WA0021.jpg","jetpack_sharing_enabled":true,"jetpack_shortlink":"https:\/\/wp.me\/p7TP32-Gy","jetpack-related-posts":[{"id":2633,"url":"https:\/\/cirugiaplasticagallega.es\/portal\/2023\/02\/14\/presentacion-junta-directiva-2023-2024\/","url_meta":{"origin":2638,"position":0},"title":"Presentacio\u0301n Junta Directiva 2023 &#8211; 2024","date":"14 febrero, 2023","format":false,"excerpt":"Santiago de Compostela, Febrero de 2023. Estimados amigos: Como sab\u00e9is, desde\u00a0comienzos de a\u00f1o,\u00a0ha reca\u00eddo de nuevo en m\u00ed el honor de presidir durante los pr\u00f3ximos dos a\u00f1os la Sociedad Gallega de Cirug\u00eda Pl\u00e1stica Reparadora y Est\u00e9tica. Quiero reiterar mi disposici\u00f3n y el de toda la Junta Directiva de la SGCPREpara\u2026","rel":"","context":"En \u00abSin categor\u00eda\u00bb","img":{"alt_text":"","src":"https:\/\/i0.wp.com\/cirugiaplasticagallega.es\/portal\/wp-content\/uploads\/2023\/02\/Presentacion-Junta-Directiva-2023-2024.jpg?resize=350%2C200&ssl=1","width":350,"height":200},"classes":[]},{"id":2675,"url":"https:\/\/cirugiaplasticagallega.es\/portal\/2023\/12\/04\/premio-residentes-sgcpre-2023\/","url_meta":{"origin":2638,"position":1},"title":"Premio Residentes SGCPRE 2023","date":"4 diciembre, 2023","format":false,"excerpt":"\u00a0 La Dra. Alicia Mart\u00edn P\u00e9rez , residente del Complexo Hospitalario Universitario de A Coru\u00f1a, result\u00f3 ganadora el pasado 24 de noviembre, del premio a la mejor ponencia en la XXXVII Reuni\u00f3n de la Sociedad Gallega de Cirug\u00eda Pl\u00e1stica, Reparadora y Est\u00e9tica. Su trabajo titulado \u201cPr\u00f3tesis trapeciometacarpianas en el tratamiento\u2026","rel":"","context":"En \u00abSin categor\u00eda\u00bb","img":{"alt_text":"","src":"https:\/\/i0.wp.com\/cirugiaplasticagallega.es\/portal\/wp-content\/uploads\/2023\/12\/Residente-Premiada-Reunion-Anual-SGCPRE-Parador-de-Costa-da-Morte2-1024x683.jpg?resize=350%2C200","width":350,"height":200},"classes":[]},{"id":2603,"url":"https:\/\/cirugiaplasticagallega.es\/portal\/2022\/11\/10\/premio-residentes-sgcpre-2022\/","url_meta":{"origin":2638,"position":2},"title":"Premio Residentes SGCPRE 2022","date":"10 noviembre, 2022","format":false,"excerpt":"El pasado viernes 4 de noviembre durante la cena de gala de la XXXVI Reuni\u00f3n de la Sociedad Gallega de Cirug\u00eda Pl\u00e1stica Reparadora y Est\u00e9tica, tuvo lugar la entrega del Premio de Residentes\u00a0 a la mejor Comunicaci\u00f3n. Este a\u00f1o el premio ha reca\u00eddo en el Dr. Roi Rogel Vence, residente\u2026","rel":"","context":"En \u00abSin categor\u00eda\u00bb","img":{"alt_text":"","src":"https:\/\/i0.wp.com\/cirugiaplasticagallega.es\/portal\/wp-content\/uploads\/2022\/11\/Residente-Premiado-Reunio\u00cc\u0081n-Anual-SGCPRE-Parador-de-Baiona-1024x683.jpg?resize=350%2C200","width":350,"height":200},"classes":[]},{"id":2216,"url":"https:\/\/cirugiaplasticagallega.es\/portal\/2015\/10\/31\/xxx-jornada-de-la-sgcpre-orense-31-octubre-2015\/","url_meta":{"origin":2638,"position":3},"title":"XXX Jornada de la SGCPRE Orense 31 Octubre 2015","date":"31 octubre, 2015","format":false,"excerpt":"XXX Jornada de la SGCPRE Orense 31 Octubre 2015","rel":"","context":"En \u00abSin categor\u00eda\u00bb","img":{"alt_text":"","src":"https:\/\/i0.wp.com\/cirugiaplasticagallega.es\/portal\/wp-content\/uploads\/2017\/10\/Portada-Ourense.jpg?resize=350%2C200&ssl=1","width":350,"height":200},"classes":[]}],"jetpack_likes_enabled":true,"_links":{"self":[{"href":"https:\/\/cirugiaplasticagallega.es\/portal\/wp-json\/wp\/v2\/posts\/2638"}],"collection":[{"href":"https:\/\/cirugiaplasticagallega.es\/portal\/wp-json\/wp\/v2\/posts"}],"about":[{"href":"https:\/\/cirugiaplasticagallega.es\/portal\/wp-json\/wp\/v2\/types\/post"}],"author":[{"embeddable":true,"href":"https:\/\/cirugiaplasticagallega.es\/portal\/wp-json\/wp\/v2\/users\/1"}],"replies":[{"embeddable":true,"href":"https:\/\/cirugiaplasticagallega.es\/portal\/wp-json\/wp\/v2\/comments?post=2638"}],"version-history":[{"count":2,"href":"https:\/\/cirugiaplasticagallega.es\/portal\/wp-json\/wp\/v2\/posts\/2638\/revisions"}],"predecessor-version":[{"id":2649,"href":"https:\/\/cirugiaplasticagallega.es\/portal\/wp-json\/wp\/v2\/posts\/2638\/revisions\/2649"}],"wp:featuredmedia":[{"embeddable":true,"href":"https:\/\/cirugiaplasticagallega.es\/portal\/wp-json\/wp\/v2\/media\/2646"}],"wp:attachment":[{"href":"https:\/\/cirugiaplasticagallega.es\/portal\/wp-json\/wp\/v2\/media?parent=2638"}],"wp:term":[{"taxonomy":"category","embeddable":true,"href":"https:\/\/cirugiaplasticagallega.es\/portal\/wp-json\/wp\/v2\/categories?post=2638"},{"taxonomy":"post_tag","embeddable":true,"href":"https:\/\/cirugiaplasticagallega.es\/portal\/wp-json\/wp\/v2\/tags?post=2638"}],"curies":[{"name":"wp","href":"https:\/\/api.w.org\/{rel}","templated":true}]}}