{"id":2603,"date":"2022-11-10T20:28:55","date_gmt":"2022-11-10T19:28:55","guid":{"rendered":"http:\/\/cirugiaplasticagallega.es\/portal\/?p=2603"},"modified":"2022-11-10T21:07:25","modified_gmt":"2022-11-10T20:07:25","slug":"premio-residentes-sgcpre-2022","status":"publish","type":"post","link":"https:\/\/cirugiaplasticagallega.es\/portal\/2022\/11\/10\/premio-residentes-sgcpre-2022\/","title":{"rendered":"Premio Residentes SGCPRE 2022"},"content":{"rendered":"<p class=\"x_MsoNormal\"><img data-attachment-id=\"2600\" data-permalink=\"https:\/\/cirugiaplasticagallega.es\/portal\/residente-premiado-reunion-anual-sgcpre-parador-de-baiona\/\" data-orig-file=\"https:\/\/cirugiaplasticagallega.es\/portal\/wp-content\/uploads\/2022\/11\/Residente-Premiado-Reunio\u0301n-Anual-SGCPRE-Parador-de-Baiona.jpg\" data-orig-size=\"1440,960\" data-comments-opened=\"0\" data-image-meta=\"{&quot;aperture&quot;:&quot;0&quot;,&quot;credit&quot;:&quot;&quot;,&quot;camera&quot;:&quot;&quot;,&quot;caption&quot;:&quot;&quot;,&quot;created_timestamp&quot;:&quot;0&quot;,&quot;copyright&quot;:&quot;&quot;,&quot;focal_length&quot;:&quot;0&quot;,&quot;iso&quot;:&quot;0&quot;,&quot;shutter_speed&quot;:&quot;0&quot;,&quot;title&quot;:&quot;&quot;,&quot;orientation&quot;:&quot;1&quot;}\" data-image-title=\"Residente Premiado Reunio\u0301n Anual SGCPRE Parador de Baiona\" data-image-description=\"\" data-image-caption=\"\" data-medium-file=\"https:\/\/cirugiaplasticagallega.es\/portal\/wp-content\/uploads\/2022\/11\/Residente-Premiado-Reunio\u0301n-Anual-SGCPRE-Parador-de-Baiona-300x200.jpg\" data-large-file=\"https:\/\/cirugiaplasticagallega.es\/portal\/wp-content\/uploads\/2022\/11\/Residente-Premiado-Reunio\u0301n-Anual-SGCPRE-Parador-de-Baiona-1024x683.jpg\" decoding=\"async\" loading=\"lazy\" class=\"alignnone size-large wp-image-2600\" src=\"http:\/\/cirugiaplasticagallega.es\/portal\/wp-content\/uploads\/2022\/11\/Residente-Premiado-Reunio\u0301n-Anual-SGCPRE-Parador-de-Baiona-1024x683.jpg\" alt=\"\" width=\"870\" height=\"580\" srcset=\"https:\/\/cirugiaplasticagallega.es\/portal\/wp-content\/uploads\/2022\/11\/Residente-Premiado-Reunio\u0301n-Anual-SGCPRE-Parador-de-Baiona-1024x683.jpg 1024w, https:\/\/cirugiaplasticagallega.es\/portal\/wp-content\/uploads\/2022\/11\/Residente-Premiado-Reunio\u0301n-Anual-SGCPRE-Parador-de-Baiona-300x200.jpg 300w, https:\/\/cirugiaplasticagallega.es\/portal\/wp-content\/uploads\/2022\/11\/Residente-Premiado-Reunio\u0301n-Anual-SGCPRE-Parador-de-Baiona-768x512.jpg 768w, https:\/\/cirugiaplasticagallega.es\/portal\/wp-content\/uploads\/2022\/11\/Residente-Premiado-Reunio\u0301n-Anual-SGCPRE-Parador-de-Baiona-272x182.jpg 272w, https:\/\/cirugiaplasticagallega.es\/portal\/wp-content\/uploads\/2022\/11\/Residente-Premiado-Reunio\u0301n-Anual-SGCPRE-Parador-de-Baiona.jpg 1440w\" sizes=\"(max-width: 870px) 100vw, 870px\" \/><\/p>\n<p class=\"x_MsoNormal\">El pasado viernes 4 de noviembre durante la cena de gala de la <b>XXXVI Reuni\u00f3n de la Sociedad Gallega de Cirug\u00eda Pl\u00e1stica Reparadora y Est\u00e9tica<\/b>, tuvo lugar la entrega del <b>Premio de Residentes\u00a0 a la mejor Comunicaci\u00f3n<\/b>. Este a\u00f1o el premio ha reca\u00eddo en el <b>Dr. Roi Rogel Vence<\/b>, residente de 5\u00ba a\u00f1o del Complexo Hospitalario Universitario de A Coru\u00f1a, que defendi\u00f3 la ponencia titulada <b>\u201cColgajos \u00f3seos para extremidad superior\u201d<\/b>, un excelente trabajo en el que se presentaron las diferentes opciones reconstructivas mediante el empleo de colgajos \u00f3seos. El premio a la Mejor Comunicaci\u00f3n otorgado por la SGCPRE consta de 1500 euros para formaci\u00f3n relacionada con la especialidad.<\/p>\n<p class=\"x_MsoNormal\">Como viene siendo habitual en a\u00f1os precedentes, el nivel de las comunicaciones de los residentes de la SGCPRE ha sido extraordinariamente alto, lo que constata el grado de implicaci\u00f3n y trabajo que los m\u00e9dicos residentes gallegos de cirug\u00eda pl\u00e1stica mantienen durante su formaci\u00f3n. Esto sin duda es un hecho que dobla el reconocimiento y m\u00e9rito al premio del Dr. Rogel Vence.<\/p>\n<p class=\"p1\"><b>\u00a1Enhorabuena al Dr. Roi Rogel Vence y todos los residentes que han participado!<\/b><\/p>\n<p>&nbsp;<\/p>\n<img data-attachment-id=\"2605\" data-permalink=\"https:\/\/cirugiaplasticagallega.es\/portal\/2022\/11\/10\/premio-residentes-sgcpre-2022\/attachment\/1667889290658\/\" data-orig-file=\"https:\/\/cirugiaplasticagallega.es\/portal\/wp-content\/uploads\/2022\/11\/1667889290658.jpg\" data-orig-size=\"1403,1014\" data-comments-opened=\"0\" data-image-meta=\"{&quot;aperture&quot;:&quot;0&quot;,&quot;credit&quot;:&quot;&quot;,&quot;camera&quot;:&quot;&quot;,&quot;caption&quot;:&quot;&quot;,&quot;created_timestamp&quot;:&quot;0&quot;,&quot;copyright&quot;:&quot;&quot;,&quot;focal_length&quot;:&quot;0&quot;,&quot;iso&quot;:&quot;0&quot;,&quot;shutter_speed&quot;:&quot;0&quot;,&quot;title&quot;:&quot;&quot;,&quot;orientation&quot;:&quot;0&quot;}\" data-image-title=\"1667889290658\" data-image-description=\"\" data-image-caption=\"\" data-medium-file=\"https:\/\/cirugiaplasticagallega.es\/portal\/wp-content\/uploads\/2022\/11\/1667889290658-300x217.jpg\" data-large-file=\"https:\/\/cirugiaplasticagallega.es\/portal\/wp-content\/uploads\/2022\/11\/1667889290658-1024x740.jpg\" decoding=\"async\" loading=\"lazy\" class=\"alignnone size-large wp-image-2605\" src=\"http:\/\/cirugiaplasticagallega.es\/portal\/wp-content\/uploads\/2022\/11\/1667889290658-1024x740.jpg\" alt=\"\" width=\"870\" height=\"629\" srcset=\"https:\/\/cirugiaplasticagallega.es\/portal\/wp-content\/uploads\/2022\/11\/1667889290658-1024x740.jpg 1024w, https:\/\/cirugiaplasticagallega.es\/portal\/wp-content\/uploads\/2022\/11\/1667889290658-300x217.jpg 300w, https:\/\/cirugiaplasticagallega.es\/portal\/wp-content\/uploads\/2022\/11\/1667889290658-768x555.jpg 768w, https:\/\/cirugiaplasticagallega.es\/portal\/wp-content\/uploads\/2022\/11\/1667889290658.jpg 1403w\" sizes=\"(max-width: 870px) 100vw, 870px\" \/>\n<h5 class=\"p1\"><strong><i>De izquierda a derecha: Dr Iv\u00e1n Couto, Dra Eugenia L\u00f3pez Suso, Dra Margarita Novoa, Dr Roi Rogel Vence, Dra Mar\u00eda Encina S\u00e1nchez Lagarejo, Dr Jos\u00e9 Lu\u00eds Vila Moriente , Dr\u00a0 Adri\u00e1n Fern\u00e1ndez Marcos y Dra. Mar\u00eda Jes\u00fas \u00c1lvarez \u00c1lvarez<\/i><\/strong><\/h5>\n","protected":false},"excerpt":{"rendered":"<p>El pasado viernes 4 de noviembre durante la cena de gala de la XXXVI Reuni\u00f3n de la Sociedad Gallega de Cirug\u00eda Pl\u00e1stica Reparadora y Est\u00e9tica, tuvo lugar la entrega del Premio de Residentes\u00a0 a la mejor Comunicaci\u00f3n. Este a\u00f1o el premio ha reca\u00eddo en el Dr. Roi Rogel Vence, residente de 5\u00ba a\u00f1o del Complexo &#8230;<\/p>\n","protected":false},"author":1,"featured_media":0,"comment_status":"closed","ping_status":"open","sticky":false,"template":"","format":"standard","meta":{"jetpack_post_was_ever_published":false,"jetpack_publicize_message":"","jetpack_is_tweetstorm":false,"jetpack_publicize_feature_enabled":true,"jetpack_social_post_already_shared":true,"jetpack_social_options":{"image_generator_settings":{"template":"highway","enabled":false}}},"categories":[1],"tags":[],"jetpack_publicize_connections":[],"jetpack_featured_media_url":"","jetpack_sharing_enabled":true,"jetpack_shortlink":"https:\/\/wp.me\/p7TP32-FZ","jetpack-related-posts":[{"id":2445,"url":"https:\/\/cirugiaplasticagallega.es\/portal\/2019\/10\/28\/premio-residentes-sgcpre-2019\/","url_meta":{"origin":2603,"position":0},"title":"Premio Residentes SGCPRE 2019","date":"28 octubre, 2019","format":false,"excerpt":"Este fin de semana tuvo lugar en La Coru\u00f1a la XXXIV Reuni\u00f2n de la SGCPRE.\u00a0 Como en anteriores ediciones, un residente de nuestra especialidad se ha hecho merecedor del Premio de Residentes que otorga nuestra Sociedad a la mejor comunicaci\u00f3n presentada. Este a\u00f1o el galard\u00f2n ha reca\u00eddo de nuevo en\u2026","rel":"","context":"En \u00abSin categor\u00eda\u00bb","img":{"alt_text":"","src":"https:\/\/i0.wp.com\/cirugiaplasticagallega.es\/portal\/wp-content\/uploads\/2019\/10\/Premio-Residentes-SGCPRE-2019.jpg?resize=350%2C200&ssl=1","width":350,"height":200},"classes":[]},{"id":2568,"url":"https:\/\/cirugiaplasticagallega.es\/portal\/2021\/11\/08\/premio-residentes-sgcpre-2021\/","url_meta":{"origin":2603,"position":1},"title":"Premio Residentes SGCPRE 2021","date":"8 noviembre, 2021","format":false,"excerpt":"El pasado viernes 5 de noviembre fue entregado el premio de residentes a la mejor comunicaci\u00f3n de la XXXV Reuni\u00f3n de la SGCPRE. El premio recay\u00f3 en el Dr Santiago Soldevila Guilera, residente de 4\u00ba a\u00f1o del Hospital Universitario de Santiago de Compostela. Su trabajo analiza las complicaciones y los\u2026","rel":"","context":"En \u00abSin categor\u00eda\u00bb","img":{"alt_text":"","src":"https:\/\/i0.wp.com\/cirugiaplasticagallega.es\/portal\/wp-content\/uploads\/2021\/11\/Premio-Residentes-SGCPRE-2021.jpg?resize=350%2C200&ssl=1","width":350,"height":200},"classes":[]},{"id":2694,"url":"https:\/\/cirugiaplasticagallega.es\/portal\/2024\/10\/07\/reunion-anual-sgcpre-hotel-attica21-samil-vigo-25-y-26-de-octubre\/","url_meta":{"origin":2603,"position":2},"title":"Reuni\u00f3n Anual SGCPRE \u2013 Hotel Attica21 Samil &#8211; Vigo \/ 25 y 26 de Octubre","date":"7 octubre, 2024","format":false,"excerpt":"\u00a0 \u00a0 Estimados amigos de la\u00a0SGCPRE. Este a\u00f1o nuestra\u00a0reuni\u00f3n anual\u00a0se celebrar\u00e1 en\u00a0Vigo,\u00a0los d\u00edas 25 y 26 de octubre. La reuni\u00f3n, organizada por el\u00a0Dr. Gago, nos reunir\u00e1 de nuevo a todos junto con compa\u00f1eros invitados punteros tanto en la cirug\u00eda reparadora, como en cirug\u00eda est\u00e9tica. De nuevo, se celebrar\u00e1 el\u00a0premio de\u2026","rel":"","context":"En \u00abSin categor\u00eda\u00bb","img":{"alt_text":"","src":"https:\/\/i0.wp.com\/cirugiaplasticagallega.es\/portal\/wp-content\/uploads\/2024\/10\/Reunion-Anual-SGCPRE-Hotel-Attica21-Vigo-Presentacion.jpg?resize=350%2C200&ssl=1","width":350,"height":200},"classes":[]},{"id":2675,"url":"https:\/\/cirugiaplasticagallega.es\/portal\/2023\/12\/04\/premio-residentes-sgcpre-2023\/","url_meta":{"origin":2603,"position":3},"title":"Premio Residentes SGCPRE 2023","date":"4 diciembre, 2023","format":false,"excerpt":"\u00a0 La Dra. Alicia Mart\u00edn P\u00e9rez , residente del Complexo Hospitalario Universitario de A Coru\u00f1a, result\u00f3 ganadora el pasado 24 de noviembre, del premio a la mejor ponencia en la XXXVII Reuni\u00f3n de la Sociedad Gallega de Cirug\u00eda Pl\u00e1stica, Reparadora y Est\u00e9tica. Su trabajo titulado \u201cPr\u00f3tesis trapeciometacarpianas en el tratamiento\u2026","rel":"","context":"En \u00abSin categor\u00eda\u00bb","img":{"alt_text":"","src":"https:\/\/i0.wp.com\/cirugiaplasticagallega.es\/portal\/wp-content\/uploads\/2023\/12\/Residente-Premiada-Reunion-Anual-SGCPRE-Parador-de-Costa-da-Morte2-1024x683.jpg?resize=350%2C200","width":350,"height":200},"classes":[]},{"id":1946,"url":"https:\/\/cirugiaplasticagallega.es\/portal\/2016\/10\/27\/premio-residentes-sgcpre-2016\/","url_meta":{"origin":2603,"position":4},"title":"Premio Residentes SGCPRE 2016","date":"27 octubre, 2016","format":false,"excerpt":"Este a\u00f1o el premio lo ha obtenido la doctora Sara Alicia Gonz\u00e1lez-Porto, residente de 4\u00ba a\u00f1o del CHUAC, por el trabajo \"Artrodesis lunogrande frente a artrodesis cuatro esquinas en el tratamiento de la mu\u00f1eca SNAC\". \u00a1Nuestras felicitaciones!.","rel":"","context":"En \u00abSin categor\u00eda\u00bb","img":{"alt_text":"","src":"https:\/\/i0.wp.com\/cirugiaplasticagallega.es\/portal\/wp-content\/uploads\/2016\/10\/imagenpremiosgcpre.jpg?resize=350%2C200&ssl=1","width":350,"height":200},"classes":[]},{"id":2320,"url":"https:\/\/cirugiaplasticagallega.es\/portal\/2017\/10\/20\/premio-residentes-sgcpre-2017\/","url_meta":{"origin":2603,"position":5},"title":"Premio Residentes SGCPRE 2017","date":"20 octubre, 2017","format":false,"excerpt":"Nuestra enhorabuena al compa\u00f1ero Dr. Adri\u00e1n \u00c1ngel Fern\u00e1ndez Marcos por la obtenci\u00f3n del Premio de Residentes de la SGCPRE, entregado en la cena de la 32\u00ba reuni\u00f3n de la Sociedad, por el trabajo : \"Reconstrucci\u00f3n mamaria con dorsal ancho asistido por lipotransferencia inmediata\" \u00a1Felicitaciones!","rel":"","context":"En \u00abSin categor\u00eda\u00bb","img":{"alt_text":"","src":"https:\/\/i0.wp.com\/cirugiaplasticagallega.es\/portal\/wp-content\/uploads\/2018\/04\/Premio-Residentes-2017.jpg?resize=350%2C200&ssl=1","width":350,"height":200},"classes":[]}],"jetpack_likes_enabled":true,"_links":{"self":[{"href":"https:\/\/cirugiaplasticagallega.es\/portal\/wp-json\/wp\/v2\/posts\/2603"}],"collection":[{"href":"https:\/\/cirugiaplasticagallega.es\/portal\/wp-json\/wp\/v2\/posts"}],"about":[{"href":"https:\/\/cirugiaplasticagallega.es\/portal\/wp-json\/wp\/v2\/types\/post"}],"author":[{"embeddable":true,"href":"https:\/\/cirugiaplasticagallega.es\/portal\/wp-json\/wp\/v2\/users\/1"}],"replies":[{"embeddable":true,"href":"https:\/\/cirugiaplasticagallega.es\/portal\/wp-json\/wp\/v2\/comments?post=2603"}],"version-history":[{"count":5,"href":"https:\/\/cirugiaplasticagallega.es\/portal\/wp-json\/wp\/v2\/posts\/2603\/revisions"}],"predecessor-version":[{"id":2617,"href":"https:\/\/cirugiaplasticagallega.es\/portal\/wp-json\/wp\/v2\/posts\/2603\/revisions\/2617"}],"wp:attachment":[{"href":"https:\/\/cirugiaplasticagallega.es\/portal\/wp-json\/wp\/v2\/media?parent=2603"}],"wp:term":[{"taxonomy":"category","embeddable":true,"href":"https:\/\/cirugiaplasticagallega.es\/portal\/wp-json\/wp\/v2\/categories?post=2603"},{"taxonomy":"post_tag","embeddable":true,"href":"https:\/\/cirugiaplasticagallega.es\/portal\/wp-json\/wp\/v2\/tags?post=2603"}],"curies":[{"name":"wp","href":"https:\/\/api.w.org\/{rel}","templated":true}]}}