{"id":2594,"date":"2022-11-02T18:13:11","date_gmt":"2022-11-02T17:13:11","guid":{"rendered":"https:\/\/cirugiaplasticagallega.es\/portal\/?p=2594"},"modified":"2022-11-02T18:13:11","modified_gmt":"2022-11-02T17:13:11","slug":"programa-xxxvi-reunion-sociedad-gallega-de-cirugia-plastica-reparadora-y-estetica","status":"publish","type":"post","link":"https:\/\/cirugiaplasticagallega.es\/portal\/2022\/11\/02\/programa-xxxvi-reunion-sociedad-gallega-de-cirugia-plastica-reparadora-y-estetica\/","title":{"rendered":"Programa XXXVI Reunio\u0301n Sociedad Gallega de  Cirugi\u0301a Pla\u0301stica Reparadora y Este\u0301tica"},"content":{"rendered":"<h2><a href=\"http:\/\/cirugiaplasticagallega.es\/portal\/wp-content\/uploads\/2022\/11\/Programa-XXXVI-Reunio\u0301n-Sociedad-Gallega-de-Cirugi\u0301a-Pla\u0301stica-Reparadora-y-Este\u0301tica.pdf\"><span style=\"color: #003366;\">Descargar<\/span><\/a><\/h2>\n<p><a href=\"http:\/\/cirugiaplasticagallega.es\/portal\/wp-content\/uploads\/2022\/11\/Programa-XXXVI-Reunio\u0301n-Sociedad-Gallega-de-Cirugi\u0301a-Pla\u0301stica-Reparadora-y-Este\u0301tica.pdf\" target=\"_blank\" rel=\"noopener noreferrer nofollow\">Haz clic para acceder a Programa-XXXVI-Reunio\u0301n-Sociedad-Gallega-de-Cirugi\u0301a-Pla\u0301stica-Reparadora-y-Este\u0301tica.pdf<\/a><\/p>\n<p>&nbsp;<\/p>\n","protected":false},"excerpt":{"rendered":"<p>Descargar Haz clic para acceder a Programa-XXXVI-Reunio\u0301n-Sociedad-Gallega-de-Cirugi\u0301a-Pla\u0301stica-Reparadora-y-Este\u0301tica.pdf &nbsp;<\/p>\n","protected":false},"author":1,"featured_media":2596,"comment_status":"closed","ping_status":"open","sticky":false,"template":"","format":"standard","meta":{"jetpack_post_was_ever_published":false,"jetpack_publicize_message":"","jetpack_is_tweetstorm":false,"jetpack_publicize_feature_enabled":true,"jetpack_social_post_already_shared":true,"jetpack_social_options":{"image_generator_settings":{"template":"highway","enabled":false}}},"categories":[1],"tags":[],"jetpack_publicize_connections":[],"jetpack_featured_media_url":"https:\/\/cirugiaplasticagallega.es\/portal\/wp-content\/uploads\/2022\/11\/Programa-Reunio\u0301n-Anual-SGCPRE-Parador-de-Baiona.jpg","jetpack_sharing_enabled":true,"jetpack_shortlink":"https:\/\/wp.me\/p7TP32-FQ","jetpack-related-posts":[{"id":2544,"url":"https:\/\/cirugiaplasticagallega.es\/portal\/2021\/11\/02\/programa-xxxv-reunion-sociedad-gallega-de-cirugia-plastica-reparadora-y-estetica\/","url_meta":{"origin":2594,"position":0},"title":"Programa XXXV Reunio\u0301n Sociedad Gallega de  Cirugi\u0301a Pla\u0301stica Reparadora y Este\u0301tica","date":"2 noviembre, 2021","format":false,"excerpt":"Descargar \u00a0 http:\/\/cirugiaplasticagallega.es\/portal\/wp-content\/uploads\/2021\/11\/Programa-Web-XXXV-Reunio\u0301n-Sociedad-Gallega-de-Cirugi\u0301a-Pla\u0301stica-Reparadora-y-Este\u0301tica.pdf","rel":"","context":"En \u00abSin categor\u00eda\u00bb","img":{"alt_text":"","src":"https:\/\/i0.wp.com\/cirugiaplasticagallega.es\/portal\/wp-content\/uploads\/2021\/11\/Captura-de-pantalla-2021-11-02-a-las-9.28.53.png?resize=350%2C200&ssl=1","width":350,"height":200},"classes":[]},{"id":2665,"url":"https:\/\/cirugiaplasticagallega.es\/portal\/2023\/11\/21\/programa-xxxvii-reunion-sociedad-gallega-de-cirugia-plastica-reparadora-y-estetica\/","url_meta":{"origin":2594,"position":1},"title":"Programa XXXVII Reunio\u0301n Sociedad Gallega de  Cirugi\u0301a Pla\u0301stica Reparadora y Este\u0301tica","date":"21 noviembre, 2023","format":false,"excerpt":"Descargar Programa XXXVII Reunio\u0301n SGCPRE","rel":"","context":"En \u00abSin categor\u00eda\u00bb","img":{"alt_text":"","src":"https:\/\/i0.wp.com\/cirugiaplasticagallega.es\/portal\/wp-content\/uploads\/2023\/06\/exteriores-gran-angular.jpeg?resize=350%2C200&ssl=1","width":350,"height":200},"classes":[]},{"id":2586,"url":"https:\/\/cirugiaplasticagallega.es\/portal\/2022\/10\/23\/reunion-anual-sgcpre-inscripcion\/","url_meta":{"origin":2594,"position":2},"title":"Reuni\u00f3n Anual SGCPRE &#8211; Inscripci\u00f3n","date":"23 octubre, 2022","format":false,"excerpt":"Estimados colegas de la SGCPRE, A continuaci\u00f3n se adjunta la informaci\u00f3n para realizar la inscripci\u00f3n en la\u00a0XXXVI Reuni\u00f3n Anual de la SGCPRE: Inscripci\u00f3n gratuita para socios SGCPRE. Precio inscripci\u00f3n no socios 100\u20ac. Inscripci\u00f3n y confirmaci\u00f3n de asistencia en\u00a0sgcpre2022@gmail.com. Precio reducido de alojamiento en el Parador de Baiona (reserva telef\u00f3nica confirmando\u2026","rel":"","context":"En \u00abSin categor\u00eda\u00bb","img":{"alt_text":"","src":"https:\/\/i0.wp.com\/cirugiaplasticagallega.es\/portal\/wp-content\/uploads\/2022\/10\/Reunio\u00cc\u0081n-Anual-SGCPRE-Parador-de-Baiona-Recordatorio-INSCRIPCIO\u00cc\u0081N-1024x683.jpg?resize=350%2C200","width":350,"height":200},"classes":[]},{"id":2513,"url":"https:\/\/cirugiaplasticagallega.es\/portal\/2021\/08\/12\/reunion-anual-sgcpre-parador-de-cambados-5-y-6-de-noviembre\/","url_meta":{"origin":2594,"position":3},"title":"Reuni\u00f3n Anual SGCPRE &#8211; Parador de Cambados \/ 5 y 6 de Noviembre","date":"12 agosto, 2021","format":false,"excerpt":"\u00a0 \u00a0 \u00a0 Reuni\u00f3n Anual de la Sociedad Gallega de Cirug\u00eda Pl\u00e1stica, Reparadora y Est\u00e9tica: Se celebrar\u00e1 el viernes 5 y el s\u00e1bado 6 de noviembre\u00a0 en el Parador Cambados. Queda abierto el plazo hasta el 22 de octubre para todos aquellos que quer\u00e1is participar mediante la exposici\u00f3n de comunicaciones\u2026","rel":"","context":"En \u00abSin categor\u00eda\u00bb","img":{"alt_text":"","src":"https:\/\/i0.wp.com\/cirugiaplasticagallega.es\/portal\/wp-content\/uploads\/2021\/08\/Reunio\u0301n-Anual-SGCPRE-Parador-de-Cambados.jpg?resize=350%2C200&ssl=1","width":350,"height":200},"classes":[]},{"id":2578,"url":"https:\/\/cirugiaplasticagallega.es\/portal\/2022\/08\/31\/reunion-anual-sgcpre-parador-de-baiona-4-y-5-de-noviembre\/","url_meta":{"origin":2594,"position":4},"title":"Reuni\u00f3n Anual SGCPRE &#8211; Parador de Baiona \/ 4 y 5 de Noviembre","date":"31 agosto, 2022","format":false,"excerpt":"Reuni\u00f3n Anual de la Sociedad Gallega de Cirug\u00eda Pl\u00e1stica, Reparadora y Est\u00e9tica: Se celebrar\u00e1 el viernes 4 y el s\u00e1bado 5 de noviembre\u00a0 en el Parador de Baiona. Queda abierto\u00a0el plazo\u00a0hasta el\u00a023\u00a0de octubre para\u00a0todos aquellos que quer\u00e1is participar mediante\u00a0la exposici\u00f3n de comunicaciones\u00a0orales. Os invitamos\u00a0a participar, tanto de asistentes como de\u2026","rel":"","context":"En \u00abSin categor\u00eda\u00bb","img":{"alt_text":"","src":"https:\/\/i0.wp.com\/cirugiaplasticagallega.es\/portal\/wp-content\/uploads\/2022\/08\/parador_de_baiona_144.jpeg?resize=350%2C200&ssl=1","width":350,"height":200},"classes":[]},{"id":2366,"url":"https:\/\/cirugiaplasticagallega.es\/portal\/2018\/10\/10\/2366\/","url_meta":{"origin":2594,"position":5},"title":"XXXIII Reuni\u00f3n Anual SGCPRE &#8211; Vigo","date":"10 octubre, 2018","format":false,"excerpt":"La Sociedad Gallega de Cirug\u00eda Pl\u00e1stica Reparadora y Est\u00e9tica celebra su XXXIII Reuni\u00f3n Anual. Como es habitual acudir\u00e1n los cirujanos pl\u00e1sticos de toda Galicia, miembros de la Sociedad, pero tambi\u00e9n cirujanos pl\u00e1sticos de otras Comunidades Aut\u00f3nomas invitados a la Reuni\u00f3n. Este a\u00f1o se ha elegido la ciudad de Vigo como\u2026","rel":"","context":"En \u00abSin categor\u00eda\u00bb","img":{"alt_text":"","src":"https:\/\/i0.wp.com\/cirugiaplasticagallega.es\/portal\/wp-content\/uploads\/2018\/10\/Reunio\u0301n-sgcpre-vigo.jpg?resize=350%2C200&ssl=1","width":350,"height":200},"classes":[]}],"jetpack_likes_enabled":true,"_links":{"self":[{"href":"https:\/\/cirugiaplasticagallega.es\/portal\/wp-json\/wp\/v2\/posts\/2594"}],"collection":[{"href":"https:\/\/cirugiaplasticagallega.es\/portal\/wp-json\/wp\/v2\/posts"}],"about":[{"href":"https:\/\/cirugiaplasticagallega.es\/portal\/wp-json\/wp\/v2\/types\/post"}],"author":[{"embeddable":true,"href":"https:\/\/cirugiaplasticagallega.es\/portal\/wp-json\/wp\/v2\/users\/1"}],"replies":[{"embeddable":true,"href":"https:\/\/cirugiaplasticagallega.es\/portal\/wp-json\/wp\/v2\/comments?post=2594"}],"version-history":[{"count":1,"href":"https:\/\/cirugiaplasticagallega.es\/portal\/wp-json\/wp\/v2\/posts\/2594\/revisions"}],"predecessor-version":[{"id":2597,"href":"https:\/\/cirugiaplasticagallega.es\/portal\/wp-json\/wp\/v2\/posts\/2594\/revisions\/2597"}],"wp:featuredmedia":[{"embeddable":true,"href":"https:\/\/cirugiaplasticagallega.es\/portal\/wp-json\/wp\/v2\/media\/2596"}],"wp:attachment":[{"href":"https:\/\/cirugiaplasticagallega.es\/portal\/wp-json\/wp\/v2\/media?parent=2594"}],"wp:term":[{"taxonomy":"category","embeddable":true,"href":"https:\/\/cirugiaplasticagallega.es\/portal\/wp-json\/wp\/v2\/categories?post=2594"},{"taxonomy":"post_tag","embeddable":true,"href":"https:\/\/cirugiaplasticagallega.es\/portal\/wp-json\/wp\/v2\/tags?post=2594"}],"curies":[{"name":"wp","href":"https:\/\/api.w.org\/{rel}","templated":true}]}}