{"id":2513,"date":"2021-08-12T09:55:52","date_gmt":"2021-08-12T07:55:52","guid":{"rendered":"http:\/\/cirugiaplasticagallega.es\/portal\/?p=2513"},"modified":"2021-08-12T09:56:38","modified_gmt":"2021-08-12T07:56:38","slug":"reunion-anual-sgcpre-parador-de-cambados-5-y-6-de-noviembre","status":"publish","type":"post","link":"https:\/\/cirugiaplasticagallega.es\/portal\/2021\/08\/12\/reunion-anual-sgcpre-parador-de-cambados-5-y-6-de-noviembre\/","title":{"rendered":"Reuni\u00f3n Anual SGCPRE &#8211; Parador de Cambados \/ 5 y 6 de Noviembre"},"content":{"rendered":"<img data-attachment-id=\"2518\" data-permalink=\"https:\/\/cirugiaplasticagallega.es\/portal\/2021\/08\/12\/reunion-anual-sgcpre-parador-de-cambados-5-y-6-de-noviembre\/reunion-anual-sgcpre-parador-de-cambados\/\" data-orig-file=\"https:\/\/cirugiaplasticagallega.es\/portal\/wp-content\/uploads\/2021\/08\/Reunio\u0301n-Anual-SGCPRE-Parador-de-Cambados.jpg\" data-orig-size=\"1440,960\" data-comments-opened=\"0\" data-image-meta=\"{&quot;aperture&quot;:&quot;0&quot;,&quot;credit&quot;:&quot;&quot;,&quot;camera&quot;:&quot;&quot;,&quot;caption&quot;:&quot;&quot;,&quot;created_timestamp&quot;:&quot;0&quot;,&quot;copyright&quot;:&quot;&quot;,&quot;focal_length&quot;:&quot;0&quot;,&quot;iso&quot;:&quot;0&quot;,&quot;shutter_speed&quot;:&quot;0&quot;,&quot;title&quot;:&quot;&quot;,&quot;orientation&quot;:&quot;1&quot;}\" data-image-title=\"Reunio\u0301n Anual SGCPRE Parador de Cambados\" data-image-description=\"\" data-image-caption=\"\" data-medium-file=\"https:\/\/cirugiaplasticagallega.es\/portal\/wp-content\/uploads\/2021\/08\/Reunio\u0301n-Anual-SGCPRE-Parador-de-Cambados-300x200.jpg\" data-large-file=\"https:\/\/cirugiaplasticagallega.es\/portal\/wp-content\/uploads\/2021\/08\/Reunio\u0301n-Anual-SGCPRE-Parador-de-Cambados-1024x683.jpg\" decoding=\"async\" loading=\"lazy\" class=\" wp-image-2518 alignleft\" src=\"http:\/\/cirugiaplasticagallega.es\/portal\/wp-content\/uploads\/2021\/08\/Reunio\u0301n-Anual-SGCPRE-Parador-de-Cambados-1024x683.jpg\" alt=\"\" width=\"608\" height=\"405\" srcset=\"https:\/\/cirugiaplasticagallega.es\/portal\/wp-content\/uploads\/2021\/08\/Reunio\u0301n-Anual-SGCPRE-Parador-de-Cambados-1024x683.jpg 1024w, https:\/\/cirugiaplasticagallega.es\/portal\/wp-content\/uploads\/2021\/08\/Reunio\u0301n-Anual-SGCPRE-Parador-de-Cambados-300x200.jpg 300w, https:\/\/cirugiaplasticagallega.es\/portal\/wp-content\/uploads\/2021\/08\/Reunio\u0301n-Anual-SGCPRE-Parador-de-Cambados-768x512.jpg 768w, https:\/\/cirugiaplasticagallega.es\/portal\/wp-content\/uploads\/2021\/08\/Reunio\u0301n-Anual-SGCPRE-Parador-de-Cambados-272x182.jpg 272w, https:\/\/cirugiaplasticagallega.es\/portal\/wp-content\/uploads\/2021\/08\/Reunio\u0301n-Anual-SGCPRE-Parador-de-Cambados.jpg 1440w\" sizes=\"(max-width: 608px) 100vw, 608px\" \/>\n<p>&nbsp;<\/p>\n<p>&nbsp;<\/p>\n<p>&nbsp;<\/p>\n<p>Reuni\u00f3n Anual de la <strong>Sociedad Gallega de Cirug\u00eda Pl\u00e1stica, Reparadora y Est\u00e9tica<\/strong>:<\/p>\n<p>Se celebrar\u00e1 el<strong> viernes 5 y el s\u00e1bado 6 de noviembre<\/strong>\u00a0 en el <strong>Parador Cambados.<\/strong><\/p>\n<p>Queda abierto el plazo <strong>hasta el 22 de octubre<\/strong> para todos aquellos que quer\u00e1is participar mediante la exposici\u00f3n de comunicaciones orales. \u00a1Os animamos a hacerlo! Adem\u00e1s, este a\u00f1o se celebrar\u00e1 de nuevo el Premio para Residentes de la SGCPRE, dotado con 1500\u20ac para complementos de formaci\u00f3n en la espacialidad (congresos, cursos, estancias formativas\u2026).<\/p>\n<p>En pr\u00f3ximas noticias se adelantar\u00e1n m\u00e1s detalles de la Reuni\u00f3n.<\/p>\n<img data-attachment-id=\"2519\" data-permalink=\"https:\/\/cirugiaplasticagallega.es\/portal\/2021\/08\/12\/reunion-anual-sgcpre-parador-de-cambados-5-y-6-de-noviembre\/firmacolorivancouto\/\" data-orig-file=\"https:\/\/cirugiaplasticagallega.es\/portal\/wp-content\/uploads\/2021\/08\/FIRMACOLORIVANCOUTO.jpg\" data-orig-size=\"534,222\" data-comments-opened=\"0\" data-image-meta=\"{&quot;aperture&quot;:&quot;0&quot;,&quot;credit&quot;:&quot;&quot;,&quot;camera&quot;:&quot;&quot;,&quot;caption&quot;:&quot;&quot;,&quot;created_timestamp&quot;:&quot;0&quot;,&quot;copyright&quot;:&quot;&quot;,&quot;focal_length&quot;:&quot;0&quot;,&quot;iso&quot;:&quot;0&quot;,&quot;shutter_speed&quot;:&quot;0&quot;,&quot;title&quot;:&quot;&quot;,&quot;orientation&quot;:&quot;0&quot;}\" data-image-title=\"FIRMACOLORIVANCOUTO\" data-image-description=\"\" data-image-caption=\"\" data-medium-file=\"https:\/\/cirugiaplasticagallega.es\/portal\/wp-content\/uploads\/2021\/08\/FIRMACOLORIVANCOUTO-300x125.jpg\" data-large-file=\"https:\/\/cirugiaplasticagallega.es\/portal\/wp-content\/uploads\/2021\/08\/FIRMACOLORIVANCOUTO.jpg\" decoding=\"async\" loading=\"lazy\" class=\" wp-image-2519 alignleft\" src=\"http:\/\/cirugiaplasticagallega.es\/portal\/wp-content\/uploads\/2021\/08\/FIRMACOLORIVANCOUTO.jpg\" alt=\"\" width=\"130\" height=\"54\" srcset=\"https:\/\/cirugiaplasticagallega.es\/portal\/wp-content\/uploads\/2021\/08\/FIRMACOLORIVANCOUTO.jpg 534w, https:\/\/cirugiaplasticagallega.es\/portal\/wp-content\/uploads\/2021\/08\/FIRMACOLORIVANCOUTO-300x125.jpg 300w\" sizes=\"(max-width: 130px) 100vw, 130px\" \/>\n<p>&nbsp;<\/p>\n<p>&nbsp;<\/p>\n<p><em>Ivan Couto Gonz\u00e1lez<\/em><\/p>\n<p><strong>Presidente de la Sociedad Gallega de Cirug\u00eda Pl\u00e1stica Reparadora y Est\u00e9tica (SGCPRE)<\/strong><\/p>\n","protected":false},"excerpt":{"rendered":"<p>&nbsp; &nbsp; &nbsp; Reuni\u00f3n Anual de la Sociedad Gallega de Cirug\u00eda Pl\u00e1stica, Reparadora y Est\u00e9tica: Se celebrar\u00e1 el viernes 5 y el s\u00e1bado 6 de noviembre\u00a0 en el Parador Cambados. Queda abierto el plazo hasta el 22 de octubre para todos aquellos que quer\u00e1is participar mediante la exposici\u00f3n de comunicaciones orales. \u00a1Os animamos a hacerlo! &#8230;<\/p>\n","protected":false},"author":1,"featured_media":2518,"comment_status":"closed","ping_status":"open","sticky":false,"template":"","format":"standard","meta":{"jetpack_post_was_ever_published":false,"jetpack_publicize_message":"","jetpack_is_tweetstorm":false,"jetpack_publicize_feature_enabled":true,"jetpack_social_post_already_shared":true,"jetpack_social_options":{"image_generator_settings":{"template":"highway","enabled":false}}},"categories":[1],"tags":[],"jetpack_publicize_connections":[],"jetpack_featured_media_url":"https:\/\/cirugiaplasticagallega.es\/portal\/wp-content\/uploads\/2021\/08\/Reunio\u0301n-Anual-SGCPRE-Parador-de-Cambados.jpg","jetpack_sharing_enabled":true,"jetpack_shortlink":"https:\/\/wp.me\/p7TP32-Ex","jetpack-related-posts":[{"id":2578,"url":"https:\/\/cirugiaplasticagallega.es\/portal\/2022\/08\/31\/reunion-anual-sgcpre-parador-de-baiona-4-y-5-de-noviembre\/","url_meta":{"origin":2513,"position":0},"title":"Reuni\u00f3n Anual SGCPRE &#8211; Parador de Baiona \/ 4 y 5 de Noviembre","date":"31 agosto, 2022","format":false,"excerpt":"Reuni\u00f3n Anual de la Sociedad Gallega de Cirug\u00eda Pl\u00e1stica, Reparadora y Est\u00e9tica: Se celebrar\u00e1 el viernes 4 y el s\u00e1bado 5 de noviembre\u00a0 en el Parador de Baiona. Queda abierto\u00a0el plazo\u00a0hasta el\u00a023\u00a0de octubre para\u00a0todos aquellos que quer\u00e1is participar mediante\u00a0la exposici\u00f3n de comunicaciones\u00a0orales. Os invitamos\u00a0a participar, tanto de asistentes como de\u2026","rel":"","context":"En \u00abSin categor\u00eda\u00bb","img":{"alt_text":"","src":"https:\/\/i0.wp.com\/cirugiaplasticagallega.es\/portal\/wp-content\/uploads\/2022\/08\/parador_de_baiona_144.jpeg?resize=350%2C200&ssl=1","width":350,"height":200},"classes":[]},{"id":2660,"url":"https:\/\/cirugiaplasticagallega.es\/portal\/2023\/06\/06\/reunion-anual-sgcpre-parador-de-a-costa-da-morte-24-y-25-de-noviembre\/","url_meta":{"origin":2513,"position":1},"title":"Reuni\u00f3n Anual SGCPRE \u2013 Parador de A Costa da Morte \/ 24 y 25 de Noviembre","date":"6 junio, 2023","format":false,"excerpt":"Estimados colegas de la\u00a0Sociedad Gallega de Cirug\u00eda Pl\u00e1stica, Reparadora y Est\u00e9tica: Nos complace anunciaros que ya est\u00e1 en marcha la organizaci\u00f3n de la\u00a0XXXVII\u00a0Reuni\u00f3n de la SGCPRE\u00a0para los d\u00edas 24 y 25 de noviembre de 2023, en el Parador da Costa da Morte en Mux\u00eda. En breve os enviaremos informaci\u00f3n referente\u2026","rel":"","context":"En \u00abSin categor\u00eda\u00bb","img":{"alt_text":"","src":"https:\/\/i0.wp.com\/cirugiaplasticagallega.es\/portal\/wp-content\/uploads\/2023\/06\/exteriores-gran-angular.jpeg?resize=350%2C200&ssl=1","width":350,"height":200},"classes":[]},{"id":2586,"url":"https:\/\/cirugiaplasticagallega.es\/portal\/2022\/10\/23\/reunion-anual-sgcpre-inscripcion\/","url_meta":{"origin":2513,"position":2},"title":"Reuni\u00f3n Anual SGCPRE &#8211; Inscripci\u00f3n","date":"23 octubre, 2022","format":false,"excerpt":"Estimados colegas de la SGCPRE, A continuaci\u00f3n se adjunta la informaci\u00f3n para realizar la inscripci\u00f3n en la\u00a0XXXVI Reuni\u00f3n Anual de la SGCPRE: Inscripci\u00f3n gratuita para socios SGCPRE. Precio inscripci\u00f3n no socios 100\u20ac. Inscripci\u00f3n y confirmaci\u00f3n de asistencia en\u00a0sgcpre2022@gmail.com. Precio reducido de alojamiento en el Parador de Baiona (reserva telef\u00f3nica confirmando\u2026","rel":"","context":"En \u00abSin categor\u00eda\u00bb","img":{"alt_text":"","src":"https:\/\/i0.wp.com\/cirugiaplasticagallega.es\/portal\/wp-content\/uploads\/2022\/10\/Reunio\u00cc\u0081n-Anual-SGCPRE-Parador-de-Baiona-Recordatorio-INSCRIPCIO\u00cc\u0081N-1024x683.jpg?resize=350%2C200","width":350,"height":200},"classes":[]},{"id":2694,"url":"https:\/\/cirugiaplasticagallega.es\/portal\/2024\/10\/07\/reunion-anual-sgcpre-hotel-attica21-samil-vigo-25-y-26-de-octubre\/","url_meta":{"origin":2513,"position":3},"title":"Reuni\u00f3n Anual SGCPRE \u2013 Hotel Attica21 Samil &#8211; Vigo \/ 25 y 26 de Octubre","date":"7 octubre, 2024","format":false,"excerpt":"\u00a0 \u00a0 Estimados amigos de la\u00a0SGCPRE. Este a\u00f1o nuestra\u00a0reuni\u00f3n anual\u00a0se celebrar\u00e1 en\u00a0Vigo,\u00a0los d\u00edas 25 y 26 de octubre. La reuni\u00f3n, organizada por el\u00a0Dr. Gago, nos reunir\u00e1 de nuevo a todos junto con compa\u00f1eros invitados punteros tanto en la cirug\u00eda reparadora, como en cirug\u00eda est\u00e9tica. De nuevo, se celebrar\u00e1 el\u00a0premio de\u2026","rel":"","context":"En \u00abSin categor\u00eda\u00bb","img":{"alt_text":"","src":"https:\/\/i0.wp.com\/cirugiaplasticagallega.es\/portal\/wp-content\/uploads\/2024\/10\/Reunion-Anual-SGCPRE-Hotel-Attica21-Vigo-Presentacion.jpg?resize=350%2C200&ssl=1","width":350,"height":200},"classes":[]},{"id":2568,"url":"https:\/\/cirugiaplasticagallega.es\/portal\/2021\/11\/08\/premio-residentes-sgcpre-2021\/","url_meta":{"origin":2513,"position":4},"title":"Premio Residentes SGCPRE 2021","date":"8 noviembre, 2021","format":false,"excerpt":"El pasado viernes 5 de noviembre fue entregado el premio de residentes a la mejor comunicaci\u00f3n de la XXXV Reuni\u00f3n de la SGCPRE. El premio recay\u00f3 en el Dr Santiago Soldevila Guilera, residente de 4\u00ba a\u00f1o del Hospital Universitario de Santiago de Compostela. Su trabajo analiza las complicaciones y los\u2026","rel":"","context":"En \u00abSin categor\u00eda\u00bb","img":{"alt_text":"","src":"https:\/\/i0.wp.com\/cirugiaplasticagallega.es\/portal\/wp-content\/uploads\/2021\/11\/Premio-Residentes-SGCPRE-2021.jpg?resize=350%2C200&ssl=1","width":350,"height":200},"classes":[]},{"id":2366,"url":"https:\/\/cirugiaplasticagallega.es\/portal\/2018\/10\/10\/2366\/","url_meta":{"origin":2513,"position":5},"title":"XXXIII Reuni\u00f3n Anual SGCPRE &#8211; Vigo","date":"10 octubre, 2018","format":false,"excerpt":"La Sociedad Gallega de Cirug\u00eda Pl\u00e1stica Reparadora y Est\u00e9tica celebra su XXXIII Reuni\u00f3n Anual. Como es habitual acudir\u00e1n los cirujanos pl\u00e1sticos de toda Galicia, miembros de la Sociedad, pero tambi\u00e9n cirujanos pl\u00e1sticos de otras Comunidades Aut\u00f3nomas invitados a la Reuni\u00f3n. Este a\u00f1o se ha elegido la ciudad de Vigo como\u2026","rel":"","context":"En \u00abSin categor\u00eda\u00bb","img":{"alt_text":"","src":"https:\/\/i0.wp.com\/cirugiaplasticagallega.es\/portal\/wp-content\/uploads\/2018\/10\/Reunio\u0301n-sgcpre-vigo.jpg?resize=350%2C200&ssl=1","width":350,"height":200},"classes":[]}],"jetpack_likes_enabled":true,"_links":{"self":[{"href":"https:\/\/cirugiaplasticagallega.es\/portal\/wp-json\/wp\/v2\/posts\/2513"}],"collection":[{"href":"https:\/\/cirugiaplasticagallega.es\/portal\/wp-json\/wp\/v2\/posts"}],"about":[{"href":"https:\/\/cirugiaplasticagallega.es\/portal\/wp-json\/wp\/v2\/types\/post"}],"author":[{"embeddable":true,"href":"https:\/\/cirugiaplasticagallega.es\/portal\/wp-json\/wp\/v2\/users\/1"}],"replies":[{"embeddable":true,"href":"https:\/\/cirugiaplasticagallega.es\/portal\/wp-json\/wp\/v2\/comments?post=2513"}],"version-history":[{"count":3,"href":"https:\/\/cirugiaplasticagallega.es\/portal\/wp-json\/wp\/v2\/posts\/2513\/revisions"}],"predecessor-version":[{"id":2521,"href":"https:\/\/cirugiaplasticagallega.es\/portal\/wp-json\/wp\/v2\/posts\/2513\/revisions\/2521"}],"wp:featuredmedia":[{"embeddable":true,"href":"https:\/\/cirugiaplasticagallega.es\/portal\/wp-json\/wp\/v2\/media\/2518"}],"wp:attachment":[{"href":"https:\/\/cirugiaplasticagallega.es\/portal\/wp-json\/wp\/v2\/media?parent=2513"}],"wp:term":[{"taxonomy":"category","embeddable":true,"href":"https:\/\/cirugiaplasticagallega.es\/portal\/wp-json\/wp\/v2\/categories?post=2513"},{"taxonomy":"post_tag","embeddable":true,"href":"https:\/\/cirugiaplasticagallega.es\/portal\/wp-json\/wp\/v2\/tags?post=2513"}],"curies":[{"name":"wp","href":"https:\/\/api.w.org\/{rel}","templated":true}]}}