{"id":2191,"date":"2017-09-11T23:31:36","date_gmt":"2017-09-11T21:31:36","guid":{"rendered":"http:\/\/cirugiaplasticagallega.es\/portal\/?p=2191"},"modified":"2017-09-11T23:31:36","modified_gmt":"2017-09-11T21:31:36","slug":"premio-residentes-2016-facial-palsy-course-2017","status":"publish","type":"post","link":"http:\/\/cirugiaplasticagallega.es\/portal\/2017\/09\/11\/premio-residentes-2016-facial-palsy-course-2017\/","title":{"rendered":"Premio Residentes 2016 \/ FACIAL PALSY COURSE 2017"},"content":{"rendered":"<p>La <strong>Dra. Sara Alicia Gonz\u00e1lez-Porto<\/strong>, M\u00e9dico residente de 5\u00ba a\u00f1o en el <strong>CHUAC<\/strong>, fue la <strong>ganadora del Premio de Residentes de la SGCPRE en el a\u00f1o 2016<\/strong> \u00a0y se encuentra en Viena (Austria) en el \u00a0\u00bb <strong>FACIAL PALSY COURSE 2017<\/strong> \u00abque se celebra en esta ciudad del 6 al 8 de septiembre.<\/p>\n<p>Este curso ha sido el elegido por ella y, esta elecci\u00f3n fue aprobada por la <strong>Junta Directiva de la SGCPRE<\/strong>, para utilizar los 1.500 euros con que est\u00e1 dotado el premio .<\/p>\n<p>En la imagen la vemos con el <strong>Dr. Andr\u00e9s Rodriguez-Lorenzo<\/strong>, <strong>Jefe de Cirug\u00eda Pl\u00e1stica del Akademissta sjukhuset y Profesor de la Universidad de Uppsala en Suecia<\/strong>. El Dr. Rodriguez Lorenzo es un experto en reconstrucci\u00f3n microquir\u00fargica del nervio facial y se encuentra en Viena como profesor y director de dicho curso.<\/p>\n<p>Esperamos que la estancia de la <strong>Dra. Gonz\u00e1lez-Porto<\/strong> sea provechosa y anime a los dem\u00e1s residentes de nuestra comunidad a optar a este premio en la reuni\u00f3n de este a\u00f1o.<\/p>\n","protected":false},"excerpt":{"rendered":"<p>La Dra. Sara Alicia Gonz\u00e1lez-Porto, M\u00e9dico residente de 5\u00ba a\u00f1o en el CHUAC, fue la ganadora del Premio de Residentes de la SGCPRE en el a\u00f1o 2016 \u00a0y se encuentra en Viena (Austria) en el \u00a0\u00bb FACIAL PALSY COURSE 2017 \u00abque se celebra en esta ciudad del 6 al 8 de septiembre. Este curso ha &#8230;<\/p>\n","protected":false},"author":1,"featured_media":2192,"comment_status":"closed","ping_status":"open","sticky":false,"template":"","format":"standard","meta":{"jetpack_post_was_ever_published":false,"jetpack_publicize_message":"","jetpack_is_tweetstorm":false,"jetpack_publicize_feature_enabled":true,"jetpack_social_post_already_shared":true,"jetpack_social_options":{"image_generator_settings":{"template":"highway","enabled":false}}},"categories":[1],"tags":[],"jetpack_publicize_connections":[],"jetpack_featured_media_url":"http:\/\/cirugiaplasticagallega.es\/portal\/wp-content\/uploads\/2017\/09\/Noticia-residentes-en-viena.jpg","jetpack_sharing_enabled":true,"jetpack_shortlink":"https:\/\/wp.me\/p7TP32-zl","jetpack-related-posts":[{"id":2568,"url":"http:\/\/cirugiaplasticagallega.es\/portal\/2021\/11\/08\/premio-residentes-sgcpre-2021\/","url_meta":{"origin":2191,"position":0},"title":"Premio Residentes SGCPRE 2021","date":"8 noviembre, 2021","format":false,"excerpt":"El pasado viernes 5 de noviembre fue entregado el premio de residentes a la mejor comunicaci\u00f3n de la XXXV Reuni\u00f3n de la SGCPRE. El premio recay\u00f3 en el Dr Santiago Soldevila Guilera, residente de 4\u00ba a\u00f1o del Hospital Universitario de Santiago de Compostela. Su trabajo analiza las complicaciones y los\u2026","rel":"","context":"En \u00abSin categor\u00eda\u00bb","img":{"alt_text":"","src":"https:\/\/i0.wp.com\/cirugiaplasticagallega.es\/portal\/wp-content\/uploads\/2021\/11\/Premio-Residentes-SGCPRE-2021.jpg?resize=350%2C200","width":350,"height":200},"classes":[]},{"id":2603,"url":"http:\/\/cirugiaplasticagallega.es\/portal\/2022\/11\/10\/premio-residentes-sgcpre-2022\/","url_meta":{"origin":2191,"position":1},"title":"Premio Residentes SGCPRE 2022","date":"10 noviembre, 2022","format":false,"excerpt":"El pasado viernes 4 de noviembre durante la cena de gala de la XXXVI Reuni\u00f3n de la Sociedad Gallega de Cirug\u00eda Pl\u00e1stica Reparadora y Est\u00e9tica, tuvo lugar la entrega del Premio de Residentes\u00a0 a la mejor Comunicaci\u00f3n. Este a\u00f1o el premio ha reca\u00eddo en el Dr. Roi Rogel Vence, residente\u2026","rel":"","context":"En \u00abSin categor\u00eda\u00bb","img":{"alt_text":"","src":"https:\/\/i0.wp.com\/cirugiaplasticagallega.es\/portal\/wp-content\/uploads\/2022\/11\/Residente-Premiado-Reunio\u00cc\u0081n-Anual-SGCPRE-Parador-de-Baiona-1024x683.jpg?resize=350%2C200","width":350,"height":200},"classes":[]},{"id":2675,"url":"http:\/\/cirugiaplasticagallega.es\/portal\/2023\/12\/04\/premio-residentes-sgcpre-2023\/","url_meta":{"origin":2191,"position":2},"title":"Premio Residentes SGCPRE 2023","date":"4 diciembre, 2023","format":false,"excerpt":"\u00a0 La Dra. Alicia Mart\u00edn P\u00e9rez , residente del Complexo Hospitalario Universitario de A Coru\u00f1a, result\u00f3 ganadora el pasado 24 de noviembre, del premio a la mejor ponencia en la XXXVII Reuni\u00f3n de la Sociedad Gallega de Cirug\u00eda Pl\u00e1stica, Reparadora y Est\u00e9tica. Su trabajo titulado \u201cPr\u00f3tesis trapeciometacarpianas en el tratamiento\u2026","rel":"","context":"En \u00abSin categor\u00eda\u00bb","img":{"alt_text":"","src":"https:\/\/i0.wp.com\/cirugiaplasticagallega.es\/portal\/wp-content\/uploads\/2023\/12\/2023-11-24-XXXVII-Reunion-SGCPRE-Muxia-201.jpg?resize=350%2C200","width":350,"height":200},"classes":[]},{"id":1946,"url":"http:\/\/cirugiaplasticagallega.es\/portal\/2016\/10\/27\/premio-residentes-sgcpre-2016\/","url_meta":{"origin":2191,"position":3},"title":"Premio Residentes SGCPRE 2016","date":"27 octubre, 2016","format":false,"excerpt":"Este a\u00f1o el premio lo ha obtenido la doctora Sara Alicia Gonz\u00e1lez-Porto, residente de 4\u00ba a\u00f1o del CHUAC, por el trabajo \"Artrodesis lunogrande frente a artrodesis cuatro esquinas en el tratamiento de la mu\u00f1eca SNAC\". \u00a1Nuestras felicitaciones!.","rel":"","context":"En \u00abSin categor\u00eda\u00bb","img":{"alt_text":"","src":"https:\/\/i0.wp.com\/cirugiaplasticagallega.es\/portal\/wp-content\/uploads\/2016\/10\/imagenpremiosgcpre.jpg?resize=350%2C200","width":350,"height":200},"classes":[]},{"id":2320,"url":"http:\/\/cirugiaplasticagallega.es\/portal\/2017\/10\/20\/premio-residentes-sgcpre-2017\/","url_meta":{"origin":2191,"position":4},"title":"Premio Residentes SGCPRE 2017","date":"20 octubre, 2017","format":false,"excerpt":"Nuestra enhorabuena al compa\u00f1ero Dr. Adri\u00e1n \u00c1ngel Fern\u00e1ndez Marcos por la obtenci\u00f3n del Premio de Residentes de la SGCPRE, entregado en la cena de la 32\u00ba reuni\u00f3n de la Sociedad, por el trabajo : \"Reconstrucci\u00f3n mamaria con dorsal ancho asistido por lipotransferencia inmediata\" \u00a1Felicitaciones!","rel":"","context":"En \u00abSin categor\u00eda\u00bb","img":{"alt_text":"","src":"https:\/\/i0.wp.com\/cirugiaplasticagallega.es\/portal\/wp-content\/uploads\/2018\/04\/Premio-Residentes-2017.jpg?resize=350%2C200","width":350,"height":200},"classes":[]},{"id":2445,"url":"http:\/\/cirugiaplasticagallega.es\/portal\/2019\/10\/28\/premio-residentes-sgcpre-2019\/","url_meta":{"origin":2191,"position":5},"title":"Premio Residentes SGCPRE 2019","date":"28 octubre, 2019","format":false,"excerpt":"Este fin de semana tuvo lugar en La Coru\u00f1a la XXXIV Reuni\u00f2n de la SGCPRE.\u00a0 Como en anteriores ediciones, un residente de nuestra especialidad se ha hecho merecedor del Premio de Residentes que otorga nuestra Sociedad a la mejor comunicaci\u00f3n presentada. Este a\u00f1o el galard\u00f2n ha reca\u00eddo de nuevo en\u2026","rel":"","context":"En \u00abSin categor\u00eda\u00bb","img":{"alt_text":"","src":"https:\/\/i0.wp.com\/cirugiaplasticagallega.es\/portal\/wp-content\/uploads\/2019\/10\/Premio-Residentes-SGCPRE-2019.jpg?resize=350%2C200","width":350,"height":200},"classes":[]}],"jetpack_likes_enabled":true,"_links":{"self":[{"href":"http:\/\/cirugiaplasticagallega.es\/portal\/wp-json\/wp\/v2\/posts\/2191"}],"collection":[{"href":"http:\/\/cirugiaplasticagallega.es\/portal\/wp-json\/wp\/v2\/posts"}],"about":[{"href":"http:\/\/cirugiaplasticagallega.es\/portal\/wp-json\/wp\/v2\/types\/post"}],"author":[{"embeddable":true,"href":"http:\/\/cirugiaplasticagallega.es\/portal\/wp-json\/wp\/v2\/users\/1"}],"replies":[{"embeddable":true,"href":"http:\/\/cirugiaplasticagallega.es\/portal\/wp-json\/wp\/v2\/comments?post=2191"}],"version-history":[{"count":1,"href":"http:\/\/cirugiaplasticagallega.es\/portal\/wp-json\/wp\/v2\/posts\/2191\/revisions"}],"predecessor-version":[{"id":2193,"href":"http:\/\/cirugiaplasticagallega.es\/portal\/wp-json\/wp\/v2\/posts\/2191\/revisions\/2193"}],"wp:featuredmedia":[{"embeddable":true,"href":"http:\/\/cirugiaplasticagallega.es\/portal\/wp-json\/wp\/v2\/media\/2192"}],"wp:attachment":[{"href":"http:\/\/cirugiaplasticagallega.es\/portal\/wp-json\/wp\/v2\/media?parent=2191"}],"wp:term":[{"taxonomy":"category","embeddable":true,"href":"http:\/\/cirugiaplasticagallega.es\/portal\/wp-json\/wp\/v2\/categories?post=2191"},{"taxonomy":"post_tag","embeddable":true,"href":"http:\/\/cirugiaplasticagallega.es\/portal\/wp-json\/wp\/v2\/tags?post=2191"}],"curies":[{"name":"wp","href":"https:\/\/api.w.org\/{rel}","templated":true}]}}